{"id":266070,"date":"2026-04-29T20:08:31","date_gmt":"2026-04-29T18:08:31","guid":{"rendered":"https:\/\/www.messinaoggi.it\/website\/2026\/04\/29\/avio-lassemblea-approva-il-bilancio-2025-e-nomina-il-nuovo-cda-ranzo-ad-e-dg\/"},"modified":"2026-04-29T20:08:31","modified_gmt":"2026-04-29T18:08:31","slug":"avio-lassemblea-approva-il-bilancio-2025-e-nomina-il-nuovo-cda-ranzo-ad-e-dg","status":"publish","type":"post","link":"https:\/\/www.messinaoggi.it\/website\/2026\/04\/29\/avio-lassemblea-approva-il-bilancio-2025-e-nomina-il-nuovo-cda-ranzo-ad-e-dg\/","title":{"rendered":"Avio, l\u2019Assemblea approva il Bilancio 2025 e nomina il nuovo Cda. Ranzo Ad e Dg"},"content":{"rendered":"<div>ROMA (ITALPRESS) &#8211; L&#8217;Assemblea ordinaria degli azionisti di Avio, azienda aerospaziale italiana, ha approvato, sotto la presidenza di Roberto Italia, con il voto favorevole di pi\u00f9 del 99% del capitale, il Bilancio di esercizio al 31 dicembre 2025, chiuso con un utile netto di 10.040.914 euro. L&#8217;Assemblea ha inoltre approvato, con il voto favorevole di pi\u00f9 del 99% del capitale intervenuto in Assemblea, la proposta del Consiglio di Amministrazione di destinare l&#8217;utile netto come segue: 6.800.000 euro a dividendo; 502.046 euro a riserva legale; 2.738.868 euro a utili portati a nuovo. Il dividendo unitario \u00e8 pari a 0,14846 euro (al lordo delle ritenute di legge) per ciascuna azione ordinaria in circolazione, al netto delle azioni proprie. Il dividendo sar\u00e0 messo in pagamento a partire dal 20 maggio 2026.<br \/>\nL&#8217;Assemblea, inoltre, ha preso atto del bilancio consolidato di Avio al 31 dicembre 2025, comprensivo della Rendicontazione consolidata di Sostenibilit\u00e0 relativa all&#8217;esercizio 2025.<br \/>\nCon riferimento alla Relazione sulla politica in materia di remunerazione e sui compensi corrisposti, l&#8217;Assemblea, con il voto favorevole di circa il 97% del capitale intervenuto in Assemblea, ha approvato &#8211; con deliberazione vincolante &#8211; la Prima Sezione della Relazione contenente le politiche in materia di remunerazione della societ\u00e0; con il voto favorevole di circa il 98% del capitale intervenuto in Assemblea, ha deliberato in senso favorevole &#8211; con deliberazione non vincolante &#8211; in merito alla Seconda Sezione della Relazione avente ad oggetto i compensi corrisposti nell&#8217;esercizio 2025 o ad essi relativi.<br \/>\nInoltre, l&#8217;Assemblea ha approvato, con il voto favorevole di pi\u00f9 del 99% del capitale intervenuto, la proposta di determinare in 3 esercizi la durata dell&#8217;incarico del Consiglio di Amministrazione e, pertanto, sino alla data dell&#8217;Assemblea che sar\u00e0 convocata per l&#8217;approvazione del bilancio al 31 dicembre 2028.<br \/>\nL&#8217;Assemblea ha nominato quali componenti del Consiglio di Amministrazione: Roberto Italia, quale Presidente; consiglieri Giulio Ranzo, Stefano Ratti, Stefania Tomassi, Laura Pierallini, Heidi Shyu, Maria Elena Pisonero Ruiz, Raffaele Cappiello e Steven Duncan Wood.<br \/>\nL&#8217;Assemblea ha nominato quali componenti del Collegio Sindacale &#8211; che rimarr\u00e0 in carica per il triennio 2026 &#8211; 2028 e, pertanto, sino alla data di approvazione del bilancio al 31 dicembre 2028: Vito Di Battista, quale Presidente del Collegio Sindacale; Silvia Muzi, Sindaco Effettivo; Filippo Maria Invitti, Sindaco Effettivo; Marianna Tognoni, Sindaco Supplente; Roberto Cassader, Sindaco Supplente.<br \/>\nNella prima riunione che si \u00e8 svolta oggi, il Consiglio di Amministrazione ha nominato Amministratore Delegato Giulio Ranzo (nella foto), al quale ha attribuito i poteri di amministrazione della Societ\u00e0, fermo restando l&#8217;incarico di Direttore Generale gi\u00e0 precedentemente conferito.<br \/>\nIl CdA ha, inoltre, fra l&#8217;altro deliberato di confermare la nomina di Ranzo quale amministratore incaricato del sistema di controllo interno e di gestione dei rischi della Societ\u00e0; di confermare, con il parere favorevole del Collegio Sindacale, la nomina di Roberto Carassai quale Dirigente Preposto alla redazione dei documenti contabili societari ex art. 154-bis del TUF; di confermare la nomina di Nevio Quattrin quale Responsabile delle relazioni con gli investitori; di confermare la nomina di Giorgio Martellino quale Referente Informativo e quale Segretario del Consiglio di Amministrazione; di confermare la nomina di Letizia Macr\u00ec quale dirigente preposto alla gestione delle attivit\u00e0 strategiche della Societ\u00e0 ai sensi della normativa Golden Power. Il Consiglio ha, infine, previo parere favorevole del Collegio Sindacale, nominato quale Dirigente Preposto alla rendicontazione di sostenibilit\u00e0 Letizia Macr\u00ec, alla quale ha attribuito i pertinenti poteri e le responsabilit\u00e0 in materia di rendicontazione di sostenibilit\u00e0.<div id=\"div-gpt-ad-Messinaoggi.it-DSK-300x250-corpoart\" style=\"text-align:center;margin:0 auto;\"><\/div><\/p>\n<p>&#8211; foto ufficio stampa Avio &#8211;<br \/>\n(ITALPRESS).<div id=\"videoincontent\" style=\"clear:both\";><\/div><\/p><\/div>\n","protected":false},"excerpt":{"rendered":"<p>ROMA (ITALPRESS) &#8211; L&#8217;Assemblea ordinaria degli azionisti di Avio, azienda aerospaziale italiana, ha approvato, sotto la presidenza di Roberto Italia, con il voto favorevole di pi\u00f9 del 99% del capitale, il Bilancio di esercizio al 31 dicembre 2025, chiuso con un utile netto di 10.040.914 euro. L&#8217;Assemblea ha inoltre approvato, con il voto favorevole di [&hellip;]<\/p>\n","protected":false},"author":18,"featured_media":266071,"comment_status":"closed","ping_status":"closed","sticky":false,"template":"","format":"standard","meta":{"ub_ctt_via":"","_mi_skip_tracking":false},"categories":[446],"tags":[783],"featured_image_src":"https:\/\/www.messinaoggi.it\/website\/wp-content\/uploads\/2026\/04\/20260429_2188.jpg","author_info":{"display_name":"Admin","author_link":"https:\/\/www.messinaoggi.it\/website\/author\/admin\/"},"digistream_id":0,"digistream":false,"_links":{"self":[{"href":"https:\/\/www.messinaoggi.it\/website\/wp-json\/wp\/v2\/posts\/266070"}],"collection":[{"href":"https:\/\/www.messinaoggi.it\/website\/wp-json\/wp\/v2\/posts"}],"about":[{"href":"https:\/\/www.messinaoggi.it\/website\/wp-json\/wp\/v2\/types\/post"}],"author":[{"embeddable":true,"href":"https:\/\/www.messinaoggi.it\/website\/wp-json\/wp\/v2\/users\/18"}],"replies":[{"embeddable":true,"href":"https:\/\/www.messinaoggi.it\/website\/wp-json\/wp\/v2\/comments?post=266070"}],"version-history":[{"count":0,"href":"https:\/\/www.messinaoggi.it\/website\/wp-json\/wp\/v2\/posts\/266070\/revisions"}],"wp:featuredmedia":[{"embeddable":true,"href":"https:\/\/www.messinaoggi.it\/website\/wp-json\/wp\/v2\/media\/266071"}],"wp:attachment":[{"href":"https:\/\/www.messinaoggi.it\/website\/wp-json\/wp\/v2\/media?parent=266070"}],"wp:term":[{"taxonomy":"category","embeddable":true,"href":"https:\/\/www.messinaoggi.it\/website\/wp-json\/wp\/v2\/categories?post=266070"},{"taxonomy":"post_tag","embeddable":true,"href":"https:\/\/www.messinaoggi.it\/website\/wp-json\/wp\/v2\/tags?post=266070"}],"curies":[{"name":"wp","href":"https:\/\/api.w.org\/{rel}","templated":true}]}}