{"id":266062,"date":"2026-04-29T20:08:24","date_gmt":"2026-04-29T18:08:24","guid":{"rendered":"https:\/\/www.messinaoggi.it\/website\/2026\/04\/29\/crans-montana-litalia-si-costituisce-parte-civile-nel-processo\/"},"modified":"2026-04-29T20:08:24","modified_gmt":"2026-04-29T18:08:24","slug":"crans-montana-litalia-si-costituisce-parte-civile-nel-processo","status":"publish","type":"post","link":"https:\/\/www.messinaoggi.it\/website\/2026\/04\/29\/crans-montana-litalia-si-costituisce-parte-civile-nel-processo\/","title":{"rendered":"Crans Montana, l\u2019Italia si costituisce parte civile nel processo"},"content":{"rendered":"<div>ROMA (ITALPRESS) &#8211; La Presidenza del Consiglio dei ministri, tramite l&#8217;Avvocatura Generale dello Stato, che a sua volta ha delegato uno studio legale elvetico, ha depositato l&#8217;atto di costituzione di parte civile della Repubblica Italiana nel procedimento penale relativo all&#8217;incendio avvenuto a Crans-Montana tra il 31 dicembre 2025 e il 1\u00b0 gennaio 2026.<br \/>La decisione &#8211; si legge nella nota &#8211; \u00e8 motivata dal danno diretto arrecato al patrimonio dello Stato italiano a causa delle ingenti risorse mobilitate dal Servizio nazionale della Protezione civile per l&#8217;assistenza medica, psicologica e logistica ai connazionali coinvolti. Sotto il profilo delle responsabilit\u00e0, il documento di costituzione di parte civile evidenzia come il coinvolgimento delle autorit\u00e0 locali nella genesi dell&#8217;evento sia considerato estremamente verosimile, giustificando la ferma richiesta di ristoro contro tutti i soggetti civilmente responsabili.<br \/>Il Governo italiano &#8211; continua la nota &#8211; continuer\u00e0 ad assicurare il massimo impegno nel monitorare ogni fase del procedimento giudiziario in Svizzera, garantendo un&#8217;informazione costante e trasparente sulle proprie iniziative e confermando il pieno e ininterrotto supporto alle famiglie delle vittime e ai feriti, affinch\u00e8 sia fatta piena luce sulle responsabilit\u00e0 e sia resa giustizia per il grave danno subito dalla comunit\u00e0 nazionale.<div id=\"div-gpt-ad-Messinaoggi.it-DSK-300x250-corpoart\" style=\"text-align:center;margin:0 auto;\"><\/div><\/p>\n<p>&#8211; Foto: Ipa Agency &#8211; <br \/>(ITALPRESS).<\/div>\n<div id=\"videoincontent\" style=\"clear:both\";><\/div>","protected":false},"excerpt":{"rendered":"<p>ROMA (ITALPRESS) &#8211; La Presidenza del Consiglio dei ministri, tramite l&#8217;Avvocatura Generale dello Stato, che a sua volta ha delegato uno studio legale elvetico, ha depositato l&#8217;atto di costituzione di parte civile della Repubblica Italiana nel procedimento penale relativo all&#8217;incendio avvenuto a Crans-Montana tra il 31 dicembre 2025 e il 1\u00b0 gennaio 2026.La decisione &#8211; [&hellip;]<\/p>\n","protected":false},"author":18,"featured_media":266063,"comment_status":"closed","ping_status":"closed","sticky":false,"template":"","format":"standard","meta":{"ub_ctt_via":"","_mi_skip_tracking":false},"categories":[446],"tags":[783],"featured_image_src":"https:\/\/www.messinaoggi.it\/website\/wp-content\/uploads\/2026\/04\/20260429_1758.jpg","author_info":{"display_name":"Admin","author_link":"https:\/\/www.messinaoggi.it\/website\/author\/admin\/"},"digistream_id":0,"digistream":false,"_links":{"self":[{"href":"https:\/\/www.messinaoggi.it\/website\/wp-json\/wp\/v2\/posts\/266062"}],"collection":[{"href":"https:\/\/www.messinaoggi.it\/website\/wp-json\/wp\/v2\/posts"}],"about":[{"href":"https:\/\/www.messinaoggi.it\/website\/wp-json\/wp\/v2\/types\/post"}],"author":[{"embeddable":true,"href":"https:\/\/www.messinaoggi.it\/website\/wp-json\/wp\/v2\/users\/18"}],"replies":[{"embeddable":true,"href":"https:\/\/www.messinaoggi.it\/website\/wp-json\/wp\/v2\/comments?post=266062"}],"version-history":[{"count":0,"href":"https:\/\/www.messinaoggi.it\/website\/wp-json\/wp\/v2\/posts\/266062\/revisions"}],"wp:featuredmedia":[{"embeddable":true,"href":"https:\/\/www.messinaoggi.it\/website\/wp-json\/wp\/v2\/media\/266063"}],"wp:attachment":[{"href":"https:\/\/www.messinaoggi.it\/website\/wp-json\/wp\/v2\/media?parent=266062"}],"wp:term":[{"taxonomy":"category","embeddable":true,"href":"https:\/\/www.messinaoggi.it\/website\/wp-json\/wp\/v2\/categories?post=266062"},{"taxonomy":"post_tag","embeddable":true,"href":"https:\/\/www.messinaoggi.it\/website\/wp-json\/wp\/v2\/tags?post=266062"}],"curies":[{"name":"wp","href":"https:\/\/api.w.org\/{rel}","templated":true}]}}