{"id":266047,"date":"2026-04-29T15:33:24","date_gmt":"2026-04-29T13:33:24","guid":{"rendered":"https:\/\/www.messinaoggi.it\/website\/2026\/04\/29\/il-comune-di-palermo-presenta-il-piano-degli-interventi-per-mondello-in-vista-dellestate-video\/"},"modified":"2026-04-29T15:33:24","modified_gmt":"2026-04-29T13:33:24","slug":"il-comune-di-palermo-presenta-il-piano-degli-interventi-per-mondello-in-vista-dellestate-video","status":"publish","type":"post","link":"https:\/\/www.messinaoggi.it\/website\/2026\/04\/29\/il-comune-di-palermo-presenta-il-piano-degli-interventi-per-mondello-in-vista-dellestate-video\/","title":{"rendered":"Il Comune di Palermo presenta il piano degli interventi per Mondello in vista dell\u2019estate \/ Video"},"content":{"rendered":"<div>\n<p>PALERMO (ITALPRESS) \u2013 <strong>Pulizia, sicurezza e servizi: queste le linee d\u2019azione tracciate dal Comune di Palermo per le borgate marinare in vista della stagione estiva<\/strong>. L\u2019attenzione si concentra in primis su Mondello: in attesa di conoscere la nuova pronuncia del Cga (14 maggio) sul destino della societ\u00e0 Italo-Belga, l\u2019amministrazione ha avviato un piano straordinario di interventi per la gestione della spiaggia. L\u2019insieme di attivit\u00e0 in programma \u00e8 stato presentato questa mattina a Palazzo Palagonia alla presenza del sindaco Roberto Lagalla, dell\u2019assessore all\u2019Ambiente Pietro Alongi e dell\u2019assessore alla Polizia municipale Dario Falzone.<div id=\"div-gpt-ad-Messinaoggi.it-DSK-300x250-corpoart\" style=\"text-align:center;margin:0 auto;\"><\/div><\/p>\n<p>Per quanto riguarda la pulizia a coordinare le operazioni saranno Rap e Reset, rispettivamente con lo svuotamento continuativo dei cestini e azioni incisive di pulizia delle spiagge; in termini di sicurezza si punta invece a un\u2019implementazione delle attivit\u00e0 di videosorveglianza e pattugliamento, nelle ore sia notturne che diurne; a livello di servizi la stella polare del Comune \u00e8 invece la necessit\u00e0 di rendere Mondello ancora pi\u00f9 attrattiva, con l\u2019obiettivo di dare continuit\u00e0 ai numeri dell\u2019anno scorso che hanno visto 2 milioni di turisti a Palermo, il 60% dei quali provenienti dall\u2019estero.<div id=\"videoincontent\" style=\"clear:both\";><\/div><\/p>\n<p>In relazione alle vicende giuridiche in corso il Comune mantiene un ruolo di spettatore in quanto, spiega Lagalla, <em>\u201c\u00e8 soggetto giuridicamente estraneo a questa querelle, che investe principalmente il modello concessorio ed \u00e8 di pertinenza della Regione in quanto parliamo di un\u2019area di demanio marittimo regionale. \u00c8 evidente per\u00f2 che il Comune ha responsabilit\u00e0 rispetto alla popolazione, all\u2019utenza e alla citt\u00e0, ovvero assicurare pulizia, ordine, sicurezza e vigilanza: su questo ci siamo concentrati, senza lasciarci distrarre da ci\u00f2 che ha connotato anche con qualche momento di confusione tutta questa vicenda, e siamo pronti a fare la nostra parte\u201d.<\/em><\/p>\n<div style=\"width: 640px;\" class=\"wp-video\"><video class=\"wp-video-shortcode\" id=\"video-677597-1\" width=\"640\" height=\"360\" preload=\"metadata\" controls=\"controls\"><source type=\"video\/mp4\" src=\"https:\/\/video.italpress.com\/storage\/news\/video\/2026\/4\/ef35ea6a5af2c2730ccaba1984bb3799ef0f1af8.mp4?_=1\"><\/source><a href=\"https:\/\/video.italpress.com\/storage\/news\/video\/2026\/4\/ef35ea6a5af2c2730ccaba1984bb3799ef0f1af8.mp4\">https:\/\/video.italpress.com\/storage\/news\/video\/2026\/4\/ef35ea6a5af2c2730ccaba1984bb3799ef0f1af8.mp4<\/a><\/video><\/div>\n<p>Accanto a tutto ci\u00f2, afferma il primo cittadino, \u201c<em>non cediamo alle polemiche di chi oggi strumentalmente vuole riferire alla mancata approvazione del Pudm questa situazione: \u00e8 una bugia, perch\u00e9 se \u00e8 vero che ad oggi nessun Comune costiero della Sicilia tranne uno o due piccoli hanno chiuso il Pudm questo significa che le procedure sono state eseguite nel rispetto dei tempi. Dopo una lunga interlocuzione con la Regione si \u00e8 giunti all\u2019approvazione del nostro Pud, mentre il Pudm \u00e8 stato avviato alla valutazione del Consiglio comunale che ha naturalmente la sua agenda e deve fare le sue considerazioni: in questo momento non c\u2019\u00e8 in gioco il Pudm ma la necessit\u00e0 di assicurare continuit\u00e0 e sicurezza della spiaggia di Mondello, cosa che il Comune fa responsabilmente e indipendentemente dalla situazione giudiziaria. Credo che le sentenze, le ordinanze e i provvedimenti giudiziari debbano avere un riferimento costante alla normativa e produrre effetti: sensazioni e retropensieri non appartengono alla mia cultura, non voglio vedere un conflitto istituzionale all\u2019interno di questo provvedimento\u201d.<\/em><\/p>\n<p>Le azioni in programma per Mondello, racconta Alongi, seguono un copione gi\u00e0 sperimentato con successo ad aprile:<em> \u201cAvevamo gi\u00e0 provveduto a tenere la spiaggia pulita tra Pasqua, Pasquetta e il 25 aprile: credo che questo sia un segnale che i cittadini ci hanno riconosciuto. \u00c8 chiaro che abbiamo altre attivit\u00e0 da svolgere come la rimozione della posidonia, la creazione di accessi per i disabili, la pulizia di spiagge e marciapiedi, un servizio di soccorso e salvataggio a mare: tutte queste attivit\u00e0 non riguarderanno solo Mondello, ma verranno estese anche a Vergine Maria e Arenella e, per quanto riguarda la pulizia, la Costa Sud. A prescindere dalla pronuncia del 14 maggio sull\u2019Italo-Belga, ci saranno parti di spiaggia che rimangono in capo al Comune: ci siamo portati avanti proprio in via previsionale e stiamo pianificando, poi ci muoveremo in base alla sentenza\u201d.<\/em><\/p>\n<div style=\"width: 640px;\" class=\"wp-video\"><video class=\"wp-video-shortcode\" id=\"video-677597-2\" width=\"640\" height=\"360\" preload=\"metadata\" controls=\"controls\"><source type=\"video\/mp4\" src=\"https:\/\/video.italpress.com\/storage\/news\/video\/2026\/4\/d62840e4263a70a80d4c99d61b674cc8263301c6.mp4?_=2\"><\/source><a href=\"https:\/\/video.italpress.com\/storage\/news\/video\/2026\/4\/d62840e4263a70a80d4c99d61b674cc8263301c6.mp4\">https:\/\/video.italpress.com\/storage\/news\/video\/2026\/4\/d62840e4263a70a80d4c99d61b674cc8263301c6.mp4<\/a><\/video><\/div>\n<p>Per garantire la sicurezza dei cittadini, dichiara Falzone, <em>\u201c\u00e8 previsto un incremento delle pattuglie per il controllo del territorio: abbiamo inoltre la possibilit\u00e0 di usufruire di alcune associazioni di volontariato per avere un ulteriore supporto. Stiamo anche pensando di installare 30-35 nuove telecamere su Mondello, da collegare direttamente alla Control Room\u201d.\u00a0<\/em><\/p>\n<div style=\"width: 640px;\" class=\"wp-video\"><video class=\"wp-video-shortcode\" id=\"video-677597-3\" width=\"640\" height=\"360\" preload=\"metadata\" controls=\"controls\"><source type=\"video\/mp4\" src=\"https:\/\/video.italpress.com\/storage\/news\/video\/2026\/4\/57bcaf965f23db12227d8fc85cb177f530562cb7.mp4?_=3\"><\/source><a href=\"https:\/\/video.italpress.com\/storage\/news\/video\/2026\/4\/57bcaf965f23db12227d8fc85cb177f530562cb7.mp4\">https:\/\/video.italpress.com\/storage\/news\/video\/2026\/4\/57bcaf965f23db12227d8fc85cb177f530562cb7.mp4<\/a><\/video><\/div>\n<p>\u2013 foto xd8\/Italpress \u2013<\/p>\n<p>ITALPRESS).<\/p>\n<\/div>\n","protected":false},"excerpt":{"rendered":"<p>PALERMO (ITALPRESS) \u2013 Pulizia, sicurezza e servizi: queste le linee d\u2019azione tracciate dal Comune di Palermo per le borgate marinare in vista della stagione estiva. L\u2019attenzione si concentra in primis su Mondello: in attesa di conoscere la nuova pronuncia del Cga (14 maggio) sul destino della societ\u00e0 Italo-Belga, l\u2019amministrazione ha avviato un piano straordinario di [&hellip;]<\/p>\n","protected":false},"author":18,"featured_media":266048,"comment_status":"closed","ping_status":"closed","sticky":false,"template":"","format":"standard","meta":{"ub_ctt_via":"","_mi_skip_tracking":false},"categories":[2449],"tags":[783],"featured_image_src":"https:\/\/www.messinaoggi.it\/website\/wp-content\/uploads\/2026\/04\/IMG20260429121815.jpg","author_info":{"display_name":"Admin","author_link":"https:\/\/www.messinaoggi.it\/website\/author\/admin\/"},"digistream_id":0,"digistream":false,"_links":{"self":[{"href":"https:\/\/www.messinaoggi.it\/website\/wp-json\/wp\/v2\/posts\/266047"}],"collection":[{"href":"https:\/\/www.messinaoggi.it\/website\/wp-json\/wp\/v2\/posts"}],"about":[{"href":"https:\/\/www.messinaoggi.it\/website\/wp-json\/wp\/v2\/types\/post"}],"author":[{"embeddable":true,"href":"https:\/\/www.messinaoggi.it\/website\/wp-json\/wp\/v2\/users\/18"}],"replies":[{"embeddable":true,"href":"https:\/\/www.messinaoggi.it\/website\/wp-json\/wp\/v2\/comments?post=266047"}],"version-history":[{"count":0,"href":"https:\/\/www.messinaoggi.it\/website\/wp-json\/wp\/v2\/posts\/266047\/revisions"}],"wp:featuredmedia":[{"embeddable":true,"href":"https:\/\/www.messinaoggi.it\/website\/wp-json\/wp\/v2\/media\/266048"}],"wp:attachment":[{"href":"https:\/\/www.messinaoggi.it\/website\/wp-json\/wp\/v2\/media?parent=266047"}],"wp:term":[{"taxonomy":"category","embeddable":true,"href":"https:\/\/www.messinaoggi.it\/website\/wp-json\/wp\/v2\/categories?post=266047"},{"taxonomy":"post_tag","embeddable":true,"href":"https:\/\/www.messinaoggi.it\/website\/wp-json\/wp\/v2\/tags?post=266047"}],"curies":[{"name":"wp","href":"https:\/\/api.w.org\/{rel}","templated":true}]}}