{"id":266025,"date":"2026-04-29T12:08:24","date_gmt":"2026-04-29T10:08:24","guid":{"rendered":"https:\/\/www.messinaoggi.it\/website\/2026\/04\/29\/von-der-leyen-conseguenze-del-conflitto-in-iran-per-mesi-o-anni\/"},"modified":"2026-04-29T12:08:24","modified_gmt":"2026-04-29T10:08:24","slug":"von-der-leyen-conseguenze-del-conflitto-in-iran-per-mesi-o-anni","status":"publish","type":"post","link":"https:\/\/www.messinaoggi.it\/website\/2026\/04\/29\/von-der-leyen-conseguenze-del-conflitto-in-iran-per-mesi-o-anni\/","title":{"rendered":"Von der Leyen \u201cConseguenze del conflitto In Iran per mesi o anni\u201d"},"content":{"rendered":"<div>STRASBURGO (FRANCIA) (ITALPRESS) &#8211; &#8220;Sono trascorsi esattamente due mesi dall&#8217;inizio della nuova guerra in Medio Oriente e finalmente stiamo assistendo a una tregua dopo settimane di violenza. Tutti noi desideriamo che il cessate il fuoco in Iran e in Libano regga, con l&#8217;obiettivo finale di ristabilire la pace e la stabilit\u00e0 attraverso mezzi diplomatici. Il nostro obiettivo comune \u00e8 ora quello di vedere una fine duratura alla guerra. Ci\u00f2 include il ripristino della piena e permanente libert\u00e0 di navigazione nello Stretto di Hormuz senza pedaggi. E&#8217; altrettanto chiaro che qualsiasi accordo di pace dovr\u00e0 affrontare il programma nucleare e missilistico balistico iraniano&#8221;. Cos\u00ec la presidente della Commissione europea, Ursula von der Leyen, nel suo intervento nella plenaria del Parlamento europeo. <br \/>&#8220;Ma c&#8217;\u00e8 anche una dura realt\u00e0 che tutti dobbiamo affrontare: le conseguenze di questo conflitto potrebbero farsi sentire per mesi o addirittura anni a venire. Per questo motivo &#8211; ha aggiunto &#8211; l&#8217;energia era in cima all&#8217;agenda informale del Consiglio di Cooperazione dell&#8217;Unione Europea. Questa \u00e8 la seconda grande crisi energetica nel breve arco di quattro anni. La lezione dovrebbe essere chiara a tutti: in un mondo turbolento come il nostro, non possiamo assolutamente dipendere eccessivamente dalle importazioni di energia&#8221;.<br \/>(ITALPRESS).<br \/>-Foto: Ipa Agency-<\/div>\n","protected":false},"excerpt":{"rendered":"<p>STRASBURGO (FRANCIA) (ITALPRESS) &#8211; &#8220;Sono trascorsi esattamente due mesi dall&#8217;inizio della nuova guerra in Medio Oriente e finalmente stiamo assistendo a una tregua dopo settimane di violenza. Tutti noi desideriamo che il cessate il fuoco in Iran e in Libano regga, con l&#8217;obiettivo finale di ristabilire la pace e la stabilit\u00e0 attraverso mezzi diplomatici. Il [&hellip;]<\/p>\n","protected":false},"author":18,"featured_media":266026,"comment_status":"closed","ping_status":"closed","sticky":false,"template":"","format":"standard","meta":{"ub_ctt_via":"","_mi_skip_tracking":false},"categories":[446],"tags":[783],"featured_image_src":"https:\/\/www.messinaoggi.it\/website\/wp-content\/uploads\/2026\/04\/20260429_0201.jpg","author_info":{"display_name":"Admin","author_link":"https:\/\/www.messinaoggi.it\/website\/author\/admin\/"},"digistream_id":0,"digistream":false,"_links":{"self":[{"href":"https:\/\/www.messinaoggi.it\/website\/wp-json\/wp\/v2\/posts\/266025"}],"collection":[{"href":"https:\/\/www.messinaoggi.it\/website\/wp-json\/wp\/v2\/posts"}],"about":[{"href":"https:\/\/www.messinaoggi.it\/website\/wp-json\/wp\/v2\/types\/post"}],"author":[{"embeddable":true,"href":"https:\/\/www.messinaoggi.it\/website\/wp-json\/wp\/v2\/users\/18"}],"replies":[{"embeddable":true,"href":"https:\/\/www.messinaoggi.it\/website\/wp-json\/wp\/v2\/comments?post=266025"}],"version-history":[{"count":0,"href":"https:\/\/www.messinaoggi.it\/website\/wp-json\/wp\/v2\/posts\/266025\/revisions"}],"wp:featuredmedia":[{"embeddable":true,"href":"https:\/\/www.messinaoggi.it\/website\/wp-json\/wp\/v2\/media\/266026"}],"wp:attachment":[{"href":"https:\/\/www.messinaoggi.it\/website\/wp-json\/wp\/v2\/media?parent=266025"}],"wp:term":[{"taxonomy":"category","embeddable":true,"href":"https:\/\/www.messinaoggi.it\/website\/wp-json\/wp\/v2\/categories?post=266025"},{"taxonomy":"post_tag","embeddable":true,"href":"https:\/\/www.messinaoggi.it\/website\/wp-json\/wp\/v2\/tags?post=266025"}],"curies":[{"name":"wp","href":"https:\/\/api.w.org\/{rel}","templated":true}]}}