{"id":265992,"date":"2026-04-28T21:08:32","date_gmt":"2026-04-28T19:08:32","guid":{"rendered":"https:\/\/www.messinaoggi.it\/website\/2026\/04\/28\/confermata-inibizione-di-13-mesi-per-zappi-decade-da-presidente-degli-arbitri\/"},"modified":"2026-04-28T21:08:32","modified_gmt":"2026-04-28T19:08:32","slug":"confermata-inibizione-di-13-mesi-per-zappi-decade-da-presidente-degli-arbitri","status":"publish","type":"post","link":"https:\/\/www.messinaoggi.it\/website\/2026\/04\/28\/confermata-inibizione-di-13-mesi-per-zappi-decade-da-presidente-degli-arbitri\/","title":{"rendered":"Confermata inibizione di 13 mesi per Zappi, decade da presidente degli Arbitri"},"content":{"rendered":"<div>ROMA (ITALPRESS) &#8211;<strong> Il Collegio di garanzia dello Sport ha respinto il ricorso presentato dal presidente dell&#8217;Aia, Antonio Zappi, contro i 13 mesi di inibizione.<\/strong> Confermata quindi anche nel terzo grado della giustizia sportiva la sentenza arrivata dal Tribunale Federale Nazionale lo scorso 12 gennaio e ribadita in Corte federale d&#8217;Appello il 19 febbraio. L&#8217;inibizione di 13 mesi era stata comminata a Zappi, secondo la sentenza del Tfn di gennaio, per &#8220;aver indotto gli ex responsabili della Can C e della Can D, Maurizio Ciampi e Alessandro Pizzi, a rassegnare le dimissioni dai rispettivi incarichi&#8221;.<div id=\"div-gpt-ad-Messinaoggi.it-DSK-300x250-corpoart\" style=\"text-align:center;margin:0 auto;\"><\/div><\/p>\n<p>Secondo le attuali norme, per le quali \u00e8 impossibile ricoprire la carica con un&#8217;inibizione superiore a 12 mesi, Zappi non potr\u00e0 inoltre pi\u00f9 ricoprire la carica di numero uno dell&#8217;Associazione Italiana Arbitri.<div id=\"videoincontent\" style=\"clear:both\";><\/div><\/p>\n<p>&#8211; foto Image &#8211;<\/p>\n<p>(ITALPRESS).<\/p><\/div>\n","protected":false},"excerpt":{"rendered":"<p>ROMA (ITALPRESS) &#8211; Il Collegio di garanzia dello Sport ha respinto il ricorso presentato dal presidente dell&#8217;Aia, Antonio Zappi, contro i 13 mesi di inibizione. Confermata quindi anche nel terzo grado della giustizia sportiva la sentenza arrivata dal Tribunale Federale Nazionale lo scorso 12 gennaio e ribadita in Corte federale d&#8217;Appello il 19 febbraio. L&#8217;inibizione [&hellip;]<\/p>\n","protected":false},"author":18,"featured_media":265993,"comment_status":"closed","ping_status":"closed","sticky":false,"template":"","format":"standard","meta":{"ub_ctt_via":"","_mi_skip_tracking":false},"categories":[446],"tags":[783],"featured_image_src":"https:\/\/www.messinaoggi.it\/website\/wp-content\/uploads\/2026\/04\/20260428_2446.jpg","author_info":{"display_name":"Admin","author_link":"https:\/\/www.messinaoggi.it\/website\/author\/admin\/"},"digistream_id":0,"digistream":false,"_links":{"self":[{"href":"https:\/\/www.messinaoggi.it\/website\/wp-json\/wp\/v2\/posts\/265992"}],"collection":[{"href":"https:\/\/www.messinaoggi.it\/website\/wp-json\/wp\/v2\/posts"}],"about":[{"href":"https:\/\/www.messinaoggi.it\/website\/wp-json\/wp\/v2\/types\/post"}],"author":[{"embeddable":true,"href":"https:\/\/www.messinaoggi.it\/website\/wp-json\/wp\/v2\/users\/18"}],"replies":[{"embeddable":true,"href":"https:\/\/www.messinaoggi.it\/website\/wp-json\/wp\/v2\/comments?post=265992"}],"version-history":[{"count":0,"href":"https:\/\/www.messinaoggi.it\/website\/wp-json\/wp\/v2\/posts\/265992\/revisions"}],"wp:featuredmedia":[{"embeddable":true,"href":"https:\/\/www.messinaoggi.it\/website\/wp-json\/wp\/v2\/media\/265993"}],"wp:attachment":[{"href":"https:\/\/www.messinaoggi.it\/website\/wp-json\/wp\/v2\/media?parent=265992"}],"wp:term":[{"taxonomy":"category","embeddable":true,"href":"https:\/\/www.messinaoggi.it\/website\/wp-json\/wp\/v2\/categories?post=265992"},{"taxonomy":"post_tag","embeddable":true,"href":"https:\/\/www.messinaoggi.it\/website\/wp-json\/wp\/v2\/tags?post=265992"}],"curies":[{"name":"wp","href":"https:\/\/api.w.org\/{rel}","templated":true}]}}