{"id":26599,"date":"2018-11-10T12:28:32","date_gmt":"2018-11-10T11:28:32","guid":{"rendered":"http:\/\/www.messinaoggi.it\/website\/?p=26599"},"modified":"2018-11-10T12:28:32","modified_gmt":"2018-11-10T11:28:32","slug":"asilo-di-san-licandro-chiude-per-5-mesi-laimo-i-genitori-sono-stati-informati-solo-qualche-giorno-fa","status":"publish","type":"post","link":"https:\/\/www.messinaoggi.it\/website\/2018\/11\/10\/asilo-di-san-licandro-chiude-per-5-mesi-laimo-i-genitori-sono-stati-informati-solo-qualche-giorno-fa\/","title":{"rendered":"Asilo di San Licandro chiude per 5 mesi, Laimo: &quot;I genitori sono stati informati solo qualche giorno fa&quot;"},"content":{"rendered":"<p>\u201c<span style=\"font-family: Arial, sans-serif\"><span style=\"font-size: medium\"><em>I genitori sono stati informati della chiusura temporanea dell&#8217;asilo soltanto qualche giorno fa<\/em>\u201d, cos\u00ec il consigliere della V Circoscrizione, Franco Laimo, in riferimento alla chiusura per i prossimi 5 mesi dell&#8217;asilo comunale di San Licandro al fine di realizzare tramite i fondi Pac 2016 i necessari lavori di ristrutturazione. Il problema \u00e8 che al momento per i bambini dell&#8217;istituto non \u00e8 stata trovata una temporanea sistemazione presso un qualche altro plesso. Specularmente,\u00a0gli operatori ed educatori della cooperativa che gestisce l&#8217;appalto dell&#8217;asilo stesso, ovvero la cooperativa CAS, non sanno in che termini e se potranno continuare la propria attivit\u00e0 lavorativa per i prossimi 5 mesi: &#8220;<\/span><\/span><span style=\"font-family: Arial, sans-serif\"><span style=\"font-size: medium\"><em>Tale situazione doveva essere affrontata in maniera totalmente preventiva e logisticamente del tutto precauzionale per non creare i relativi disagi<\/em> &#8211; spiega Laimo, che poi aggiunge: &#8220;<\/span><\/span><em><span style=\"font-family: Arial, sans-serif\"><span style=\"font-size: medium\">Un altro aspetto grave \u00e8 il fatto che nessuna comunicazione \u00e8 pervenuta presso la sede istituzionale della quinta circoscrizione, forse una dimenticanza che per\u00f2 non doveva accadere, e ad ancora\u00a0oggi\u00a0non \u00e8 giunta alcuna graduatoria sulle nuove iscrizioni poich\u00e9 queste ultime sono state tutte respinte.<\/span><\/span><\/em><br \/>\n<span style=\"font-family: Arial, sans-serif\"><span style=\"font-size: medium\">&#8220;<em>Attualmente nessuna soluzione \u00e8 stata trovata per i piccoli dell&#8217;asilo di San Licandro; un&#8217;adeguata sistemazione poteva essere rappresentata da un immobile situato nel rione Santa Chiara di propriet\u00e0 delle suore, ma l&#8217;ASP ha dato parere negativo<\/em>&#8220;.<\/span><\/span><div id=\"div-gpt-ad-Messinaoggi.it-DSK-300x250-corpoart\" style=\"text-align:center;margin:0 auto;\"><\/div><\/p>\n<div id=\"videoincontent\" style=\"clear:both\";><\/div>","protected":false},"excerpt":{"rendered":"<p>\u201cI genitori sono stati informati della chiusura temporanea dell&#8217;asilo soltanto qualche giorno fa\u201d, cos\u00ec il consigliere della V Circoscrizione, Franco Laimo, in riferimento alla chiusura per i prossimi 5 mesi dell&#8217;asilo comunale di San Licandro al fine di realizzare tramite i fondi Pac 2016 i necessari lavori di ristrutturazione. Il problema \u00e8 che al momento [&hellip;]<\/p>\n","protected":false},"author":8,"featured_media":26601,"comment_status":"closed","ping_status":"open","sticky":false,"template":"","format":"standard","meta":{"ub_ctt_via":"","_mi_skip_tracking":false},"categories":[5],"tags":[],"featured_image_src":"https:\/\/www.messinaoggi.it\/website\/wp-content\/uploads\/2018\/11\/asilo-san-licanrdo.jpg","author_info":{"display_name":"red..me","author_link":"https:\/\/www.messinaoggi.it\/website\/author\/redstage\/"},"digistream_id":0,"digistream":false,"_links":{"self":[{"href":"https:\/\/www.messinaoggi.it\/website\/wp-json\/wp\/v2\/posts\/26599"}],"collection":[{"href":"https:\/\/www.messinaoggi.it\/website\/wp-json\/wp\/v2\/posts"}],"about":[{"href":"https:\/\/www.messinaoggi.it\/website\/wp-json\/wp\/v2\/types\/post"}],"author":[{"embeddable":true,"href":"https:\/\/www.messinaoggi.it\/website\/wp-json\/wp\/v2\/users\/8"}],"replies":[{"embeddable":true,"href":"https:\/\/www.messinaoggi.it\/website\/wp-json\/wp\/v2\/comments?post=26599"}],"version-history":[{"count":0,"href":"https:\/\/www.messinaoggi.it\/website\/wp-json\/wp\/v2\/posts\/26599\/revisions"}],"wp:featuredmedia":[{"embeddable":true,"href":"https:\/\/www.messinaoggi.it\/website\/wp-json\/wp\/v2\/media\/26601"}],"wp:attachment":[{"href":"https:\/\/www.messinaoggi.it\/website\/wp-json\/wp\/v2\/media?parent=26599"}],"wp:term":[{"taxonomy":"category","embeddable":true,"href":"https:\/\/www.messinaoggi.it\/website\/wp-json\/wp\/v2\/categories?post=26599"},{"taxonomy":"post_tag","embeddable":true,"href":"https:\/\/www.messinaoggi.it\/website\/wp-json\/wp\/v2\/tags?post=26599"}],"curies":[{"name":"wp","href":"https:\/\/api.w.org\/{rel}","templated":true}]}}