{"id":265949,"date":"2026-04-28T15:18:25","date_gmt":"2026-04-28T13:18:25","guid":{"rendered":"https:\/\/www.messinaoggi.it\/website\/2026\/04\/28\/in-sicilia-nasce-irca-schifani-piu-sostegno-agli-artigiani-e-alle-cooperative-video\/"},"modified":"2026-04-28T15:18:25","modified_gmt":"2026-04-28T13:18:25","slug":"in-sicilia-nasce-irca-schifani-piu-sostegno-agli-artigiani-e-alle-cooperative-video","status":"publish","type":"post","link":"https:\/\/www.messinaoggi.it\/website\/2026\/04\/28\/in-sicilia-nasce-irca-schifani-piu-sostegno-agli-artigiani-e-alle-cooperative-video\/","title":{"rendered":"In Sicilia nasce Irca, Schifani: \u201cPi\u00f9 sostegno agli artigiani e alle cooperative\u201d \/ Video"},"content":{"rendered":"<div>\n<p>PALERMO (ITALPRESS) \u2013 Una realt\u00e0 che permette al mondo artigianale e a quello cooperativo di congiungersi nell\u2019accesso al credito, favorendo la semplificazione di diverse procedure: <strong>questa la stella sotto cui nasce Irca, l\u2019ente istituito attraverso la fusione di Ircac e Crias<\/strong> per favorire <strong>lo sviluppo e la crescita delle imprese siciliane, start-up comprese.<\/strong><div id=\"div-gpt-ad-Messinaoggi.it-DSK-300x250-corpoart\" style=\"text-align:center;margin:0 auto;\"><\/div><\/p>\n<p>L\u2019atto di fusione in un\u2019unica realt\u00e0 si \u00e8 svolto questa mattina nella sede dell\u2019ente, a Palermo, con la sigla dell\u2019atto istitutivo ad opera del <strong>presidente della Regione Renato Schifani, dell\u2019assessore regionale alle Attivit\u00e0 produttive Edy Tamajo e del commissario straordinario di Irca Roberto Rizzo<\/strong>: la nuova struttura punta, attraverso agevolazioni nell\u2019accesso al credito, ad affiancare l\u2019intero ciclo di vita delle imprese del territorio.<div id=\"videoincontent\" style=\"clear:both\";><\/div><\/p>\n<p>L\u2019ultima tappa per avviare il percorso di Irca \u00e8 stata l\u2019approvazione del Piano industriale 2025-2028: tra gli obiettivi l\u2019ottimizzazione dell\u2019efficienza gestionale e operativa, il potenziamento dei servizi offerti all\u2019utenza, una serie di investimenti in innovazione tecnologica e formazione del personale e la promozione di una cultura all\u2019insegna della trasparenza e della sostenibilit\u00e0 tanto economica quanto ambientale.<\/p>\n<p><em>\u201cLa giornata di oggi crea un tassello di crescita dell\u2019attivit\u00e0 imprenditoriale, in termini di finanziamento a chi vuole investire e guarda al territorio con molto interesse<\/em> \u2013 sottolinea <strong>Schifani<\/strong> \u2013 <em>Anche dall\u2019estero ci sono grandi interessi, abbiamo velocizzato le procedure e siamo attrattivi. Stiamo cercando di far risvegliare la Sicilia, coinvolgendo risorse che sono indispensabili: queste riguardano anche l\u2019assistenza a chi vuole operare e ha bisogno di un accompagnatore finanziario, come sar\u00e0 l\u2019Irca\u201d.<\/em><\/p>\n<p>L\u2019andamento positivo dell\u2019economia, aggiunge il governatore regionale<em>, \u201c\u00e8 sotto gli occhi di tutti grazie anche a misure come questa, che attraverso la fusione di due enti d\u00e0 maggiore assistenza al mondo dell\u2019artigianato anzich\u00e9 creare uno sbandamento in chi si avvicina alla Regione per avere un sostegno. Abbiamo migliorato la qualit\u00e0 dell\u2019offerta creditizia: lavoriamo sott\u2019acqua e portiamo risultati senza proclami. Da questo tavolo voglio lanciare un appello a tutta la dirigenza regionale di cambiare mentalit\u00e0, fare squadra, parlarsi tra dipartimenti: \u00e8 questo che manca. Andiamo avanti nella speranza che la Sicilia non venga pi\u00f9 vista in Italia come la regione dove il presidente si presenta a Roma con il cappello in mano: siamo rispettati e osservati con grande interesse\u201d<\/em>.<\/p>\n<p>Per<strong> Tamajo<\/strong> \u201c<em>il governo Schifani e il mio assessorato hanno dato dimostrazione di voler fare le riforme e dare vita a un nuovo istituto che si occuper\u00e0 di cooperazione e artigianato; in tutti questi anni siamo stati al fianco delle imprese artigiane e del mondo cooperativo, ora Irca sar\u00e0 al fianco di chi vuole ottenere credito e di quelle attivit\u00e0 del mondo produttivo siciliano che hanno bisogno di essere sostenute. Faremo un\u2019attivit\u00e0 di animazione territoriale per far comprendere a tutte le imprese il ruolo di quest\u2019istituto e la presenza di risorse e fondi per accedere al credito\u201d.\u00a0<\/em><\/p>\n<h3><strong>IL VIDEO<\/strong><\/h3>\n<div style=\"width: 640px;\" class=\"wp-video\"><video class=\"wp-video-shortcode\" id=\"video-676990-3\" width=\"640\" height=\"360\" preload=\"metadata\" controls=\"controls\"><source type=\"video\/mp4\" src=\"https:\/\/video.italpress.com\/storage\/news\/video\/2026\/4\/9ba4874f84e16a14c15c572abe75c03c73bb5ce8.mp4?_=3\"><\/source><a href=\"https:\/\/video.italpress.com\/storage\/news\/video\/2026\/4\/9ba4874f84e16a14c15c572abe75c03c73bb5ce8.mp4\">https:\/\/video.italpress.com\/storage\/news\/video\/2026\/4\/9ba4874f84e16a14c15c572abe75c03c73bb5ce8.mp4<\/a><\/video><\/div>\n<p>La fusione tra <strong>Ircac e Crias,<\/strong> afferma Rizzo, <em>\u201crappresenta un punto di partenza indispensabile per la nostra economia: si uniscono due enti che hanno avuto un ruolo forte sul nostro territorio, rappresentando il mondo delle cooperative e quello dell\u2019artigianato, e che ora convergono e si riposizionano per nuove sfide, a cominciare dai fondi comunitari che presto verranno gestiti da Irca. Le prospettive sono ampie, a cominciare da una rivisitazione complessiva di tutti gli strumenti finanziari che in questo momento sono presenti all\u2019interno dell\u2019ente: i servizi offerti dovranno essere pi\u00f9 rapidi ed efficienti, in pi\u00f9 dovremo rivedere tutte le procedure interne a cominciare dalle nuove piattaforme telematiche, che consentiranno a imprese, artigiani e cooperative di accedere in maniera pi\u00f9 spedita di accedere ai nostri contributi. Il dialogo con la Regione procede in maniera assolutamente coerente e lineare: il mio ruolo commissariale mi permette di avere una maggiore agilit\u00e0 d\u2019azione nel rapporto tra Regione e Irca\u201d.<\/em><\/p>\n<h3><strong>IL VIDEO<\/strong><\/h3>\n<div style=\"width: 640px;\" class=\"wp-video\"><video class=\"wp-video-shortcode\" id=\"video-676990-4\" width=\"640\" height=\"360\" preload=\"metadata\" controls=\"controls\"><source type=\"video\/mp4\" src=\"https:\/\/video.italpress.com\/storage\/news\/video\/2026\/4\/20236c66e6f759a4f1aa2200486958b424afcd39.mp4?_=4\"><\/source><a href=\"https:\/\/video.italpress.com\/storage\/news\/video\/2026\/4\/20236c66e6f759a4f1aa2200486958b424afcd39.mp4\">https:\/\/video.italpress.com\/storage\/news\/video\/2026\/4\/20236c66e6f759a4f1aa2200486958b424afcd39.mp4<\/a><\/video><\/div>\n<p>-Foto xd8\/Italpress-<br \/>\n(ITALPRESS)<\/p>\n<\/div>\n","protected":false},"excerpt":{"rendered":"<p>PALERMO (ITALPRESS) \u2013 Una realt\u00e0 che permette al mondo artigianale e a quello cooperativo di congiungersi nell\u2019accesso al credito, favorendo la semplificazione di diverse procedure: questa la stella sotto cui nasce Irca, l\u2019ente istituito attraverso la fusione di Ircac e Crias per favorire lo sviluppo e la crescita delle imprese siciliane, start-up comprese. L\u2019atto di [&hellip;]<\/p>\n","protected":false},"author":18,"featured_media":265950,"comment_status":"closed","ping_status":"closed","sticky":false,"template":"","format":"standard","meta":{"ub_ctt_via":"","_mi_skip_tracking":false},"categories":[2449],"tags":[783],"featured_image_src":"https:\/\/www.messinaoggi.it\/website\/wp-content\/uploads\/2026\/04\/IMG20260428102517.jpg","author_info":{"display_name":"Admin","author_link":"https:\/\/www.messinaoggi.it\/website\/author\/admin\/"},"digistream_id":0,"digistream":false,"_links":{"self":[{"href":"https:\/\/www.messinaoggi.it\/website\/wp-json\/wp\/v2\/posts\/265949"}],"collection":[{"href":"https:\/\/www.messinaoggi.it\/website\/wp-json\/wp\/v2\/posts"}],"about":[{"href":"https:\/\/www.messinaoggi.it\/website\/wp-json\/wp\/v2\/types\/post"}],"author":[{"embeddable":true,"href":"https:\/\/www.messinaoggi.it\/website\/wp-json\/wp\/v2\/users\/18"}],"replies":[{"embeddable":true,"href":"https:\/\/www.messinaoggi.it\/website\/wp-json\/wp\/v2\/comments?post=265949"}],"version-history":[{"count":0,"href":"https:\/\/www.messinaoggi.it\/website\/wp-json\/wp\/v2\/posts\/265949\/revisions"}],"wp:featuredmedia":[{"embeddable":true,"href":"https:\/\/www.messinaoggi.it\/website\/wp-json\/wp\/v2\/media\/265950"}],"wp:attachment":[{"href":"https:\/\/www.messinaoggi.it\/website\/wp-json\/wp\/v2\/media?parent=265949"}],"wp:term":[{"taxonomy":"category","embeddable":true,"href":"https:\/\/www.messinaoggi.it\/website\/wp-json\/wp\/v2\/categories?post=265949"},{"taxonomy":"post_tag","embeddable":true,"href":"https:\/\/www.messinaoggi.it\/website\/wp-json\/wp\/v2\/tags?post=265949"}],"curies":[{"name":"wp","href":"https:\/\/api.w.org\/{rel}","templated":true}]}}