{"id":265947,"date":"2026-04-28T15:18:24","date_gmt":"2026-04-28T13:18:24","guid":{"rendered":"https:\/\/www.messinaoggi.it\/website\/2026\/04\/28\/pif-incontra-studenti-delluniversita-di-palermo-la-poverta-di-mezzi-stimola-la-creativita\/"},"modified":"2026-04-28T15:18:24","modified_gmt":"2026-04-28T13:18:24","slug":"pif-incontra-studenti-delluniversita-di-palermo-la-poverta-di-mezzi-stimola-la-creativita","status":"publish","type":"post","link":"https:\/\/www.messinaoggi.it\/website\/2026\/04\/28\/pif-incontra-studenti-delluniversita-di-palermo-la-poverta-di-mezzi-stimola-la-creativita\/","title":{"rendered":"Pif incontra studenti dell\u2019Universit\u00e0 di Palermo: \u201cLa povert\u00e0 di mezzi stimola la creativit\u00e0\u201d"},"content":{"rendered":"<div>\n<p>PALERMO (ITALPRESS) \u2013 <strong>L\u2019Universit\u00e0 degli Studi di Palermo<\/strong> prosegue il suo programma annuale di <strong>incontri dedicati alla comunit\u00e0 accademica con un ospite d\u2019eccezione<\/strong>.<em> \u201cLa Sicilia tra memoria, ironia e impegno politico<\/em>\u201d \u00e8 il titolo del confronto tra gli studenti e lo scrittore e <strong>regista palermitano Pierfrancesco Diliberto \u2013 in arte PIF -,<\/strong> organizzato dal Corso interclasse DAMS+MUSP del Dipartimento di Scienze Umanistiche di UniPa, in collaborazione con Italian Film Institute, i-Fest International Film Festival e il Dottorato di ricerca Mediascape \u2013 Ricerca e produzioni artistiche transculturali dell\u2019Accademia di Belle Arti di Palermo.<div id=\"div-gpt-ad-Messinaoggi.it-DSK-300x250-corpoart\" style=\"text-align:center;margin:0 auto;\"><\/div><\/p>\n<p>Il dibattito tenutosi presso il campus di Viale delle Scienze \u00e8 stato aperto dal<strong> rettore dell\u2019Ateneo, Massimo Midiri<\/strong>, che si \u00e8 detto <em>\u201conorato\u201d<\/em> di poter ospitare PIF di fronte a un Aula Magna colma di studenti. <em>\u201cConiugare l\u2019impegno civile e intrattenimento \u00e8 una cosa complicata, fatta da PIF con arguzia e leggerezza, affrontando temi complessi che riguardano tutti noi siciliani<\/em> \u2013 ha detto Midiri -. <em>Il tutto con una capacit\u00e0 di divulgazione non indifferente, per questo \u00e8 un onore avere PIF a UniPa. Una giornata importante, dalla quale spero si tragga la sensazione che l\u2019Universit\u00e0 possa davvero contribuire al cambiamento della societ\u00e0, una missione quotidiana nella quale crediamo tutti\u201d.<\/em><div id=\"videoincontent\" style=\"clear:both\";><\/div><\/p>\n<p>Un augurio attraverso il quale il Rettore ha lasciato poi la parola a PIF, tornato di recente nelle sale con il suo ultimo film <em>\u201c\u2026 che Dio perdona a tutti\u201d,<\/em> basato sull\u2019omonimo romanzo scritto dal regista palermitano nel 2018.<\/p>\n<p><em>\u201cIo non mi sono mai iscritto all\u2019Universit\u00e0, essere qui a parlare agli studenti infatti sta rendendo felice mia madre<\/em> \u2013 ha esordito con simpatia il regista -.<em> Il mio ultimo film cerca di parlare a tutti, ma non con l\u2019obiettivo di prendere di petto la fede. La mia intenzione era quella di stimolare chi guarda a cercare Dio, anche con il dubbio che io in quanto agnostico porto con me. A mio parere<\/em> \u2013 ha aggiunto \u2013 <em>\u00e8 necessario e importante che la fede di ognuno di noi porti con s\u00e9 il dubbio\u201d. Poi un messaggio per gli studenti, rivolto a chi aspira alla carriera da regista ma collettivamente a chi sogna un futuro professionale: \u201cLa povert\u00e0 di mezzi stimola sempre la creativit\u00e0, perch\u00e9 sei costretto ad avere un\u2019idea giusta per fare<\/em> \u2013 ha spiegato PIF -.<em> In Sicilia l\u2019ultima cosa che ti insegnano \u00e8 a sognare. Sognare non \u00e8 solo un fatto romantico, ma il motore di tutte le ambizioni e le prospettive. Io sono felice di avercela fatta, ma la vita era molto pi\u00f9 bella quando sognavo di potercela fare\u201d.\u00a0<\/em><\/p>\n<p>-Foto xi6\/Italpress-<br \/>\n(ITALPRESS).<\/p>\n<\/div>\n","protected":false},"excerpt":{"rendered":"<p>PALERMO (ITALPRESS) \u2013 L\u2019Universit\u00e0 degli Studi di Palermo prosegue il suo programma annuale di incontri dedicati alla comunit\u00e0 accademica con un ospite d\u2019eccezione. \u201cLa Sicilia tra memoria, ironia e impegno politico\u201d \u00e8 il titolo del confronto tra gli studenti e lo scrittore e regista palermitano Pierfrancesco Diliberto \u2013 in arte PIF -, organizzato dal Corso [&hellip;]<\/p>\n","protected":false},"author":18,"featured_media":265948,"comment_status":"closed","ping_status":"closed","sticky":false,"template":"","format":"standard","meta":{"ub_ctt_via":"","_mi_skip_tracking":false},"categories":[2449],"tags":[783],"featured_image_src":"https:\/\/www.messinaoggi.it\/website\/wp-content\/uploads\/2026\/04\/WhatsApp-Image-2026-04-28-at-15.02.17.jpeg","author_info":{"display_name":"Admin","author_link":"https:\/\/www.messinaoggi.it\/website\/author\/admin\/"},"digistream_id":0,"digistream":false,"_links":{"self":[{"href":"https:\/\/www.messinaoggi.it\/website\/wp-json\/wp\/v2\/posts\/265947"}],"collection":[{"href":"https:\/\/www.messinaoggi.it\/website\/wp-json\/wp\/v2\/posts"}],"about":[{"href":"https:\/\/www.messinaoggi.it\/website\/wp-json\/wp\/v2\/types\/post"}],"author":[{"embeddable":true,"href":"https:\/\/www.messinaoggi.it\/website\/wp-json\/wp\/v2\/users\/18"}],"replies":[{"embeddable":true,"href":"https:\/\/www.messinaoggi.it\/website\/wp-json\/wp\/v2\/comments?post=265947"}],"version-history":[{"count":0,"href":"https:\/\/www.messinaoggi.it\/website\/wp-json\/wp\/v2\/posts\/265947\/revisions"}],"wp:featuredmedia":[{"embeddable":true,"href":"https:\/\/www.messinaoggi.it\/website\/wp-json\/wp\/v2\/media\/265948"}],"wp:attachment":[{"href":"https:\/\/www.messinaoggi.it\/website\/wp-json\/wp\/v2\/media?parent=265947"}],"wp:term":[{"taxonomy":"category","embeddable":true,"href":"https:\/\/www.messinaoggi.it\/website\/wp-json\/wp\/v2\/categories?post=265947"},{"taxonomy":"post_tag","embeddable":true,"href":"https:\/\/www.messinaoggi.it\/website\/wp-json\/wp\/v2\/tags?post=265947"}],"curies":[{"name":"wp","href":"https:\/\/api.w.org\/{rel}","templated":true}]}}