{"id":265923,"date":"2026-04-28T08:05:09","date_gmt":"2026-04-28T06:05:09","guid":{"rendered":"http:\/\/www.messinaoggi.it\/website\/?p=265923"},"modified":"2026-04-28T08:05:10","modified_gmt":"2026-04-28T06:05:10","slug":"carenza-parcheggi-al-piemonte-la-uil-fp-denuncia-difficolta-del-personale","status":"publish","type":"post","link":"https:\/\/www.messinaoggi.it\/website\/2026\/04\/28\/carenza-parcheggi-al-piemonte-la-uil-fp-denuncia-difficolta-del-personale\/","title":{"rendered":"Carenza parcheggi al Piemonte, la Uil-FP denuncia difficolt\u00e0 del personale"},"content":{"rendered":"\n<p>Quello della mancanza di parcheggi in corrispondenza dell\u2019ospedale Piemonte-IRCCS Neurolesi Bonino Pulejo sta diventando un caso. La UIL Funzione Pubblica denuncia una situazione ormai fuori controllo che sta mettendo in seria difficolt\u00e0 il personale sanitario e i cittadini utenti, tra cantieri mal gestiti e una cronica carenza di aree di sosta. Medici, infermieri e operatori sono costretti ogni giorno a lunghe ricerche di parcheggio, con il concreto rischio di arrivare in ritardo in servizio o di subire sanzioni e rimozioni forzate dei veicoli. Una condizione che genera stress, disservizi e inevitabili ripercussioni sull\u2019organizzazione del lavoro e sulla qualit\u00e0 dell\u2019assistenza. \u00a0 <div id=\"div-gpt-ad-Messinaoggi.it-DSK-300x250-corpoart\" style=\"text-align:center;margin:0 auto;\"><\/div><\/p>\n\n\n\n<p>\u201c<em>Siamo davanti a una situazione insostenibile per un presidio sanitario di questa importanza<\/em>\u201d, ha dichiarato <strong>Livio Andronico<\/strong>.\u00a0 <div id=\"videoincontent\" style=\"clear:both\";><\/div><\/p>\n\n\n\n<p>Poi aggiunge: \u201c<em>Non si pu\u00f2 chiedere a chi ogni giorno garantisce cure e assistenza di iniziare il turno con l\u2019ansia di una multa o di un carro attrezzi. \u00c8 una mancanza di rispetto verso i lavoratori e verso i cittadini<\/em>.\u201d \u00a0 Nel mirino del sindacato, soprattutto, la gestione del cantiere su Viale Europa, dove vaste aree risultano interdette alla sosta ben oltre le reali necessit\u00e0 dei lavori, aggravando ulteriormente il problema. \u201c<\/p>\n\n\n\n<p>Q<em>ui non si tratta solo di parcheggi: \u00e8 il funzionamento stesso del servizio sanitario che viene compromesso<\/em>\u201d, sottolinea Andronico. \u00a0 <\/p>\n\n\n\n<p>\u201c<em>Se il personale \u00e8 costretto a lavorare sotto stress o arriva in ritardo per cause indipendenti dalla propria volont\u00e0, a pagarne le conseguenze sono i pazienti. Questo \u00e8 inaccettabile<\/em>.\u201d \u00a0 <\/p>\n\n\n\n<p>La UIL FP chiede interventi immediati e concreti: una rimodulazione della cantierizzazione per piccoli lotti, la riapertura delle aree non interessate dai lavori, l\u2019individuazione di parcheggi dedicati al personale e una moratoria sulle sanzioni nelle more di una soluzione definitiva. \u201c<em>Servono soluzioni subito, non promesse. Garantire condizioni di lavoro dignitose al personale sanitario significa tutelare direttamente il diritto alla salute dei cittadini<\/em>\u201d, conclude Andronico. <\/p>\n\n\n\n<p>\u201cI<em>n assenza di risposte concrete, siamo pronti ad avviare lo stato di agitazione<\/em>.\u201d Conclude la nota sindacale. \u00a0 Messina l\u00ec 28 aprile 2026 \u00a0 L\u2019Ufficio stampa<\/p>\n","protected":false},"excerpt":{"rendered":"<p>Quello della mancanza di parcheggi in corrispondenza dell\u2019ospedale Piemonte-IRCCS Neurolesi Bonino Pulejo sta diventando un caso. La UIL Funzione Pubblica denuncia una situazione ormai fuori controllo che sta mettendo in seria difficolt\u00e0 il personale sanitario e i cittadini utenti, tra cantieri mal gestiti e una cronica carenza di aree di sosta. Medici, infermieri e operatori [&hellip;]<\/p>\n","protected":false},"author":2,"featured_media":228799,"comment_status":"open","ping_status":"open","sticky":false,"template":"","format":"standard","meta":{"ub_ctt_via":"","_mi_skip_tracking":false},"categories":[6],"tags":[2462,12878,629],"featured_image_src":"https:\/\/www.messinaoggi.it\/website\/wp-content\/uploads\/2025\/02\/0-1-2.jpg","author_info":{"display_name":"Redazione","author_link":"https:\/\/www.messinaoggi.it\/website\/author\/redazione\/"},"digistream_id":0,"digistream":false,"_links":{"self":[{"href":"https:\/\/www.messinaoggi.it\/website\/wp-json\/wp\/v2\/posts\/265923"}],"collection":[{"href":"https:\/\/www.messinaoggi.it\/website\/wp-json\/wp\/v2\/posts"}],"about":[{"href":"https:\/\/www.messinaoggi.it\/website\/wp-json\/wp\/v2\/types\/post"}],"author":[{"embeddable":true,"href":"https:\/\/www.messinaoggi.it\/website\/wp-json\/wp\/v2\/users\/2"}],"replies":[{"embeddable":true,"href":"https:\/\/www.messinaoggi.it\/website\/wp-json\/wp\/v2\/comments?post=265923"}],"version-history":[{"count":1,"href":"https:\/\/www.messinaoggi.it\/website\/wp-json\/wp\/v2\/posts\/265923\/revisions"}],"predecessor-version":[{"id":265924,"href":"https:\/\/www.messinaoggi.it\/website\/wp-json\/wp\/v2\/posts\/265923\/revisions\/265924"}],"wp:featuredmedia":[{"embeddable":true,"href":"https:\/\/www.messinaoggi.it\/website\/wp-json\/wp\/v2\/media\/228799"}],"wp:attachment":[{"href":"https:\/\/www.messinaoggi.it\/website\/wp-json\/wp\/v2\/media?parent=265923"}],"wp:term":[{"taxonomy":"category","embeddable":true,"href":"https:\/\/www.messinaoggi.it\/website\/wp-json\/wp\/v2\/categories?post=265923"},{"taxonomy":"post_tag","embeddable":true,"href":"https:\/\/www.messinaoggi.it\/website\/wp-json\/wp\/v2\/tags?post=265923"}],"curies":[{"name":"wp","href":"https:\/\/api.w.org\/{rel}","templated":true}]}}