{"id":26591,"date":"2018-11-10T10:47:53","date_gmt":"2018-11-10T09:47:53","guid":{"rendered":"http:\/\/www.messinaoggi.it\/website\/?p=26591"},"modified":"2018-11-10T10:47:53","modified_gmt":"2018-11-10T09:47:53","slug":"crolla-labbazia-normanna-di-mili-le-associazioni-cosa-si-aspetta-a-valorizzarla","status":"publish","type":"post","link":"https:\/\/www.messinaoggi.it\/website\/2018\/11\/10\/crolla-labbazia-normanna-di-mili-le-associazioni-cosa-si-aspetta-a-valorizzarla\/","title":{"rendered":"Crolla l&#039;abbazia normanna di Mili, le associazioni: &quot;Cosa si aspetta a valorizzarla?&quot;"},"content":{"rendered":"<p><span style=\"color: #000000\">\u201c<span style=\"font-family: Arial, sans-serif\"><span style=\"font-size: medium\"><em>Cos&#8217;altro dovremo aspettare perch\u00e9 si provveda ad evitare nuovi crolli tutelando l&#8217;integrit\u00e0 del complesso monumentale e si possa passare alla sua valorizzazione?<\/em>\u201d. \u00c8 quanto si chiedono il vicepresidente di &#8220;<\/span><\/span><\/span><span style=\"font-family: Arial, sans-serif\"><span style=\"font-size: medium\"><span style=\"color: #000000\">CTG gruppo L.A.G.\u00a0<\/span><\/span><\/span><span style=\"color: #000000\"><span style=\"font-family: Arial, sans-serif\"><span style=\"font-size: medium\">Proteggiamo la natura&#8221;, Sebastiano Bus\u00e0, e il presidente di &#8220;Piattaforma creativa&#8221;, Davide Rizzo, a seguito del recente crollo di parte dell&#8217;abbazia normanna di Mili S. Pietro. Questa volta a mettere in repentaglio la stabilit\u00e0 del prezioso monumento \u00e8 stato il recente maltempo, che ha causato\u00a0<\/span><\/span><\/span><span style=\"font-size: medium;font-family: Arial, sans-serif;color: #000000\">il crollo di una porzione della struttura del monastero addossata alla facciata sud della chiesa fatta costruire nel lontano 1091 dal Gran conte Ruggero il normanno.<\/span><br \/>\n<span style=\"color: #000000\"><span style=\"font-family: Arial, sans-serif\"><span style=\"font-size: medium\">&#8220;<em>Ci preme dunque segnalare<\/em> &#8211; si continua a leggere nella nota &#8211; <em>il crollo di tale struttura, peraltro sottoposta a vincolo storico-architettonico. Ci\u00f2 \u00e8 particolarmente allarmante in quanto pone in serio pericolo la stabilit\u00e0 della chiesa, oltre che delle rimanenti parti del monastero ad essa attigue. Si tratta di una preziosissima testimonianza dell&#8217;architettura arabo-normanna in Sicilia, la cui facciata meridionale che si appoggiava sulla struttura \u00e8 venuta meno<\/em>\u201d.<\/span><\/span><\/span><div id=\"div-gpt-ad-Messinaoggi.it-DSK-300x250-corpoart\" style=\"text-align:center;margin:0 auto;\"><\/div><\/p>\n<div id=\"videoincontent\" style=\"clear:both\";><\/div>","protected":false},"excerpt":{"rendered":"<p>\u201cCos&#8217;altro dovremo aspettare perch\u00e9 si provveda ad evitare nuovi crolli tutelando l&#8217;integrit\u00e0 del complesso monumentale e si possa passare alla sua valorizzazione?\u201d. \u00c8 quanto si chiedono il vicepresidente di &#8220;CTG gruppo L.A.G.\u00a0Proteggiamo la natura&#8221;, Sebastiano Bus\u00e0, e il presidente di &#8220;Piattaforma creativa&#8221;, Davide Rizzo, a seguito del recente crollo di parte dell&#8217;abbazia normanna di Mili [&hellip;]<\/p>\n","protected":false},"author":8,"featured_media":26592,"comment_status":"closed","ping_status":"open","sticky":false,"template":"","format":"standard","meta":{"ub_ctt_via":"","_mi_skip_tracking":false},"categories":[5],"tags":[],"featured_image_src":"https:\/\/www.messinaoggi.it\/website\/wp-content\/uploads\/2018\/11\/abbazia-normanna-mili-s.-pietro-crolla.jpg","author_info":{"display_name":"red..me","author_link":"https:\/\/www.messinaoggi.it\/website\/author\/redstage\/"},"digistream_id":0,"digistream":false,"_links":{"self":[{"href":"https:\/\/www.messinaoggi.it\/website\/wp-json\/wp\/v2\/posts\/26591"}],"collection":[{"href":"https:\/\/www.messinaoggi.it\/website\/wp-json\/wp\/v2\/posts"}],"about":[{"href":"https:\/\/www.messinaoggi.it\/website\/wp-json\/wp\/v2\/types\/post"}],"author":[{"embeddable":true,"href":"https:\/\/www.messinaoggi.it\/website\/wp-json\/wp\/v2\/users\/8"}],"replies":[{"embeddable":true,"href":"https:\/\/www.messinaoggi.it\/website\/wp-json\/wp\/v2\/comments?post=26591"}],"version-history":[{"count":0,"href":"https:\/\/www.messinaoggi.it\/website\/wp-json\/wp\/v2\/posts\/26591\/revisions"}],"wp:featuredmedia":[{"embeddable":true,"href":"https:\/\/www.messinaoggi.it\/website\/wp-json\/wp\/v2\/media\/26592"}],"wp:attachment":[{"href":"https:\/\/www.messinaoggi.it\/website\/wp-json\/wp\/v2\/media?parent=26591"}],"wp:term":[{"taxonomy":"category","embeddable":true,"href":"https:\/\/www.messinaoggi.it\/website\/wp-json\/wp\/v2\/categories?post=26591"},{"taxonomy":"post_tag","embeddable":true,"href":"https:\/\/www.messinaoggi.it\/website\/wp-json\/wp\/v2\/tags?post=26591"}],"curies":[{"name":"wp","href":"https:\/\/api.w.org\/{rel}","templated":true}]}}