{"id":265892,"date":"2026-04-27T19:08:25","date_gmt":"2026-04-27T17:08:25","guid":{"rendered":"https:\/\/www.messinaoggi.it\/website\/2026\/04\/27\/concessioni-balneari-mit-avanti-con-il-confronto-sul-bando-tipo\/"},"modified":"2026-04-27T19:08:25","modified_gmt":"2026-04-27T17:08:25","slug":"concessioni-balneari-mit-avanti-con-il-confronto-sul-bando-tipo","status":"publish","type":"post","link":"https:\/\/www.messinaoggi.it\/website\/2026\/04\/27\/concessioni-balneari-mit-avanti-con-il-confronto-sul-bando-tipo\/","title":{"rendered":"Concessioni balneari, Mit \u201cAvanti con il confronto sul bando-tipo\u201d"},"content":{"rendered":"<div>ROMA (ITALPRESS) &#8211; Con una riunione che si \u00e8 svolta oggi, prosegue il confronto tra il <strong>Ministero delle Infrastrutture e dei Trasporti e la Conferenza Unificata Stato-Regioni<\/strong> sul bando-tipo nazionale per l&#8217;assegnazione delle <strong>concessioni balneari per finalit\u00e0 turistico-ricreative,<\/strong> previsto dal decreto-legge 11 marzo 2026, n. 32.<div id=\"div-gpt-ad-Messinaoggi.it-DSK-300x250-corpoart\" style=\"text-align:center;margin:0 auto;\"><\/div><\/p>\n<p>&#8220;Nel corso dell&#8217;incontro &#8211; spiega il Mit in una nota -,<em> le parti hanno avviato un approfondimento tecnico sui principali contenuti del provvedimento, con particolare attenzione agli aspetti procedurali e ai criteri uniformi da adottare a livello nazionale, al fine di garantire trasparenza, omogeneit\u00e0 e coerenza nell&#8217;assegnazione delle concessioni. Al termine dei lavori, \u00e8 stato concordato di aggiornare la riunione a gioved\u00ec 30 aprile, per proseguire l&#8217;approfondimento dei temi trattati nell&#8217;ambito di un percorso condiviso&#8221;.<\/em><div id=\"videoincontent\" style=\"clear:both\";><\/div><\/p>\n<p>&#8211; Foto IPA Agency &#8211;<\/p>\n<p>(ITALPRESS).<\/p><\/div>\n","protected":false},"excerpt":{"rendered":"<p>ROMA (ITALPRESS) &#8211; Con una riunione che si \u00e8 svolta oggi, prosegue il confronto tra il Ministero delle Infrastrutture e dei Trasporti e la Conferenza Unificata Stato-Regioni sul bando-tipo nazionale per l&#8217;assegnazione delle concessioni balneari per finalit\u00e0 turistico-ricreative, previsto dal decreto-legge 11 marzo 2026, n. 32. &#8220;Nel corso dell&#8217;incontro &#8211; spiega il Mit in una [&hellip;]<\/p>\n","protected":false},"author":18,"featured_media":265893,"comment_status":"closed","ping_status":"closed","sticky":false,"template":"","format":"standard","meta":{"ub_ctt_via":"","_mi_skip_tracking":false},"categories":[446],"tags":[783],"featured_image_src":"https:\/\/www.messinaoggi.it\/website\/wp-content\/uploads\/2026\/04\/20260427_2257.jpg","author_info":{"display_name":"Admin","author_link":"https:\/\/www.messinaoggi.it\/website\/author\/admin\/"},"digistream_id":0,"digistream":false,"_links":{"self":[{"href":"https:\/\/www.messinaoggi.it\/website\/wp-json\/wp\/v2\/posts\/265892"}],"collection":[{"href":"https:\/\/www.messinaoggi.it\/website\/wp-json\/wp\/v2\/posts"}],"about":[{"href":"https:\/\/www.messinaoggi.it\/website\/wp-json\/wp\/v2\/types\/post"}],"author":[{"embeddable":true,"href":"https:\/\/www.messinaoggi.it\/website\/wp-json\/wp\/v2\/users\/18"}],"replies":[{"embeddable":true,"href":"https:\/\/www.messinaoggi.it\/website\/wp-json\/wp\/v2\/comments?post=265892"}],"version-history":[{"count":0,"href":"https:\/\/www.messinaoggi.it\/website\/wp-json\/wp\/v2\/posts\/265892\/revisions"}],"wp:featuredmedia":[{"embeddable":true,"href":"https:\/\/www.messinaoggi.it\/website\/wp-json\/wp\/v2\/media\/265893"}],"wp:attachment":[{"href":"https:\/\/www.messinaoggi.it\/website\/wp-json\/wp\/v2\/media?parent=265892"}],"wp:term":[{"taxonomy":"category","embeddable":true,"href":"https:\/\/www.messinaoggi.it\/website\/wp-json\/wp\/v2\/categories?post=265892"},{"taxonomy":"post_tag","embeddable":true,"href":"https:\/\/www.messinaoggi.it\/website\/wp-json\/wp\/v2\/tags?post=265892"}],"curies":[{"name":"wp","href":"https:\/\/api.w.org\/{rel}","templated":true}]}}