{"id":265890,"date":"2026-04-27T17:08:31","date_gmt":"2026-04-27T15:08:31","guid":{"rendered":"https:\/\/www.messinaoggi.it\/website\/2026\/04\/27\/unpli-premiazione-in-campidoglio-per-salva-la-tua-lingua-locale-sezione-scuola\/"},"modified":"2026-04-27T17:08:31","modified_gmt":"2026-04-27T15:08:31","slug":"unpli-premiazione-in-campidoglio-per-salva-la-tua-lingua-locale-sezione-scuola","status":"publish","type":"post","link":"https:\/\/www.messinaoggi.it\/website\/2026\/04\/27\/unpli-premiazione-in-campidoglio-per-salva-la-tua-lingua-locale-sezione-scuola\/","title":{"rendered":"Unpli, premiazione in Campidoglio per \u201cSalva la tua lingua locale-Sezione Scuola\u201d"},"content":{"rendered":"<div>ROMA (ITALPRESS) &#8211; Dirigenti scolastici, studenti e Pro Loco si sono riuniti nella sala Giulio Cesare in Campidoglio per la cerimonia di premiazione del concorso &#8220;Salva la tua lingua locale&#8221;, sezione scuola. Il premio letterario nazionale, giunto all&#8217;undicesima edizione, \u00e8 promosso da Unpli &#8211; Unione Nazionale Pro Loco d&#8217;Italia e Ali &#8211; Autonomie locali per l&#8217;Italia, con la collaborazione del Centro Internazionale Eugenio Montale e, per la sezione scuola, dell&#8217;Eip &#8211; Scuola Strumento di Pace. &#8220;Questa occasione \u00e8 importante per dare la possibilit\u00e0 ai giovani di incontrare i dialetti e le lingue locali. C&#8217;\u00e8 stata una grande partecipazione e i numeri parlano chiaro: 1000 ragazzi coinvolti in oltre 90 istituti presenti, e questo \u00e8 il frutto del lavoro degli insegnanti. E&#8217; fondamentale che la lingua passi dai ragazzi e che venga mantenuta per il futuro&#8221;, sottolinea Antonino La Spina, Presidente Unpli.<br \/>L&#8217;iniziativa conferma anche quest&#8217;anno il proprio valore culturale e formativo, coinvolgendo circa 90 istituti scolastici italiani e un istituto croato in un percorso dedicato alla tutela del patrimonio linguistico, alla memoria delle comunit\u00e0 e al dialogo tra le generazioni.<br \/>Le lingue locali e i dialetti rappresentano infatti una parte viva dell&#8217;identit\u00e0 dei territori: custodiscono storie, tradizioni, modi di pensare e forme espressive che rischiano di perdersi se non vengono trasmesse ai pi\u00f9 giovani. Portarle nelle scuole significa riconoscere il loro valore educativo e rafforzare il legame tra studenti, famiglie e comunit\u00e0.<br \/>&#8220;Non era scontato che partecipassero cos\u00ec tante scuole, che si sono cimentate un qualcosa che non tocca direttamente i ragazzi. Le scuole sono sempre pi\u00f9 multietniche e l&#8217;impegno dei singoli per far conoscere la lingua del luogo in cui si vive \u00e8 un grande segno di pace&#8221;, aggiunge Luca Abbruzzetti, presidente di ALI Lazio.<br \/>La mattinata in Campidoglio ha celebrato studenti, dirigenti scolastici, docenti referenti e Pro Loco che contribuiscono alla diffusione del Premio e alla promozione delle identit\u00e0 territoriali attraverso poesia, prosa e musica. &#8220;I dialetti sono lo strumento per avvicinare i ragazzi a una realt\u00e0 pi\u00f9 materiale, a un mondo dove si viveva pi\u00f9 direttamente la giornata. Responsabilizzarsi della lingua \u00e8 importante: ci sono parole definite scatole vuote &#8211; come libert\u00e0, democrazia, amore e dolore &#8211; e noi dobbiamo riempirle di cose. Pi\u00f9 conosciamo parole e pi\u00f9 esprimiamo meglio i nostri pensieri&#8221;, il pensiero di Elio Pecora, presidente della Giuria del Premio.<br \/>Dopo le premiazioni, sono stati consegnati il Premio &#8220;Cultori del dialetto e delle lingue locali&#8221; al professor Francesco Avolio, docente di Linguistica all&#8217;Universit\u00e0 dell&#8217;Aquila, e il Premio &#8220;Testimone del Genius Loci&#8221; ad Angela Puglisi, presidente della Pro Loco di Novara di Sicilia. Riconoscimento anche alle Pro Loco UNPLI che si sono distinte nella diffusione del Premio e nel coinvolgimento degli istituti scolastici.<div id=\"div-gpt-ad-Messinaoggi.it-DSK-300x250-corpoart\" style=\"text-align:center;margin:0 auto;\"><\/div><\/p>\n<p>&#8211; foto mec\/Italpress &#8211;<br \/>(ITALPRESS).<\/div>\n<div id=\"videoincontent\" style=\"clear:both\";><\/div>","protected":false},"excerpt":{"rendered":"<p>ROMA (ITALPRESS) &#8211; Dirigenti scolastici, studenti e Pro Loco si sono riuniti nella sala Giulio Cesare in Campidoglio per la cerimonia di premiazione del concorso &#8220;Salva la tua lingua locale&#8221;, sezione scuola. Il premio letterario nazionale, giunto all&#8217;undicesima edizione, \u00e8 promosso da Unpli &#8211; Unione Nazionale Pro Loco d&#8217;Italia e Ali &#8211; Autonomie locali per [&hellip;]<\/p>\n","protected":false},"author":18,"featured_media":265891,"comment_status":"closed","ping_status":"closed","sticky":false,"template":"","format":"standard","meta":{"ub_ctt_via":"","_mi_skip_tracking":false},"categories":[446],"tags":[783],"featured_image_src":"https:\/\/www.messinaoggi.it\/website\/wp-content\/uploads\/2026\/04\/20260427_1977.jpg","author_info":{"display_name":"Admin","author_link":"https:\/\/www.messinaoggi.it\/website\/author\/admin\/"},"digistream_id":0,"digistream":false,"_links":{"self":[{"href":"https:\/\/www.messinaoggi.it\/website\/wp-json\/wp\/v2\/posts\/265890"}],"collection":[{"href":"https:\/\/www.messinaoggi.it\/website\/wp-json\/wp\/v2\/posts"}],"about":[{"href":"https:\/\/www.messinaoggi.it\/website\/wp-json\/wp\/v2\/types\/post"}],"author":[{"embeddable":true,"href":"https:\/\/www.messinaoggi.it\/website\/wp-json\/wp\/v2\/users\/18"}],"replies":[{"embeddable":true,"href":"https:\/\/www.messinaoggi.it\/website\/wp-json\/wp\/v2\/comments?post=265890"}],"version-history":[{"count":0,"href":"https:\/\/www.messinaoggi.it\/website\/wp-json\/wp\/v2\/posts\/265890\/revisions"}],"wp:featuredmedia":[{"embeddable":true,"href":"https:\/\/www.messinaoggi.it\/website\/wp-json\/wp\/v2\/media\/265891"}],"wp:attachment":[{"href":"https:\/\/www.messinaoggi.it\/website\/wp-json\/wp\/v2\/media?parent=265890"}],"wp:term":[{"taxonomy":"category","embeddable":true,"href":"https:\/\/www.messinaoggi.it\/website\/wp-json\/wp\/v2\/categories?post=265890"},{"taxonomy":"post_tag","embeddable":true,"href":"https:\/\/www.messinaoggi.it\/website\/wp-json\/wp\/v2\/tags?post=265890"}],"curies":[{"name":"wp","href":"https:\/\/api.w.org\/{rel}","templated":true}]}}