{"id":265888,"date":"2026-04-27T17:08:29","date_gmt":"2026-04-27T15:08:29","guid":{"rendered":"https:\/\/www.messinaoggi.it\/website\/2026\/04\/27\/mattarella-in-un-tempo-di-conflitti-sostenere-legami-e-cooperazione-tra-paesi\/"},"modified":"2026-04-27T17:08:29","modified_gmt":"2026-04-27T15:08:29","slug":"mattarella-in-un-tempo-di-conflitti-sostenere-legami-e-cooperazione-tra-paesi","status":"publish","type":"post","link":"https:\/\/www.messinaoggi.it\/website\/2026\/04\/27\/mattarella-in-un-tempo-di-conflitti-sostenere-legami-e-cooperazione-tra-paesi\/","title":{"rendered":"Mattarella \u201cIn un tempo di conflitti sostenere legami e cooperazione tra Paesi\u201d"},"content":{"rendered":"<div>ROMA (ITALPRESS) &#8211; <em>&#8220;In occasione del sessantesimo anniversario dell&#8217;Organizzazione Internazionale Italo-latino Americana (IILA) sono lieto di rivolgere il mio saluto alle Autorit\u00e0 e agli illustri ospiti presenti a questo evento celebrativo, dedicato all&#8217;importanza e alle prospettive dei rapporti tra Italia, Europa e America Latina, anche alla luce della recente entrata in vigore dell&#8217;accordo di libero scambio UE-Mercosur&#8221;.<\/em> Cos\u00ec il presidente della Repubblica, Sergio <strong>Mattarella<\/strong>, nel suo messaggio in occasione dell&#8217;incontro &#8220;Italia, Europa e America Latina: il tempo della svolta verso una nuova centralit\u00e0 strategica. Prospettive di crescita e Mercosur&#8221; e del 60\u00b0 anniversario dell&#8217;IILA.<div id=\"div-gpt-ad-Messinaoggi.it-DSK-300x250-corpoart\" style=\"text-align:center;margin:0 auto;\"><\/div><\/p>\n<p><em>&#8220;A fronte di una congiuntura internazionale segnata in misura crescente da conflitti, instabilit\u00e0 e incertezze, occorre infatti <strong>sostenere iniziative di cooperazione economica e commerciale<\/strong> capaci di creare legami tra diverse regioni del mondo, stimolare coesione e fiducia reciproca in seno alla Comunit\u00e0 degli Stati, ponendo le premesse per uno sviluppo condiviso<\/em> &#8211; prosegue Mattarella -. <em><strong>Valorizzare il traguardo raggiunto con l&#8217;accordo UE-Mercosur<\/strong>, cui mi auguro possa presto seguire la firma dell&#8217;Accordo Globale modernizzato con il Messico, significa guardare al futuro delle relazioni tra Europa e America Latina da una prospettiva costruttiva, che predilige e persegue un&#8217;equa apertura dei mercati, il rispetto della legalit\u00e0 internazionale, l&#8217;interdipendenza. Si tratta di presupposti irrinunciabili di un orizzonte comune di pace, stabilit\u00e0 e prosperit\u00e0 per entrambi i continenti e su scala mondiale. A tali alte finalit\u00e0, grazie alla costante ricerca del dialogo e di efficaci collaborazioni con i Paesi latinoamericani in molteplici ambiti, l&#8217;attivit\u00e0 svolta dall&#8217;IILA ha recato sin da principio un significativo e meritevole contributo. Ne auspico, a sessanta anni dalla sua fondazione, la degna prosecuzione e auguro agli organizzatori e a tutti i presenti un proficuo svolgimento dei lavori&#8221;.<\/em><div id=\"videoincontent\" style=\"clear:both\";><\/div><\/p>\n<p>&#8211; Foto IPA Agency &#8211;<\/p>\n<p>(ITALPRESS).<\/p><\/div>\n","protected":false},"excerpt":{"rendered":"<p>ROMA (ITALPRESS) &#8211; &#8220;In occasione del sessantesimo anniversario dell&#8217;Organizzazione Internazionale Italo-latino Americana (IILA) sono lieto di rivolgere il mio saluto alle Autorit\u00e0 e agli illustri ospiti presenti a questo evento celebrativo, dedicato all&#8217;importanza e alle prospettive dei rapporti tra Italia, Europa e America Latina, anche alla luce della recente entrata in vigore dell&#8217;accordo di libero [&hellip;]<\/p>\n","protected":false},"author":18,"featured_media":265889,"comment_status":"closed","ping_status":"closed","sticky":false,"template":"","format":"standard","meta":{"ub_ctt_via":"","_mi_skip_tracking":false},"categories":[446],"tags":[783],"featured_image_src":"https:\/\/www.messinaoggi.it\/website\/wp-content\/uploads\/2026\/04\/20260427_1776.jpg","author_info":{"display_name":"Admin","author_link":"https:\/\/www.messinaoggi.it\/website\/author\/admin\/"},"digistream_id":0,"digistream":false,"_links":{"self":[{"href":"https:\/\/www.messinaoggi.it\/website\/wp-json\/wp\/v2\/posts\/265888"}],"collection":[{"href":"https:\/\/www.messinaoggi.it\/website\/wp-json\/wp\/v2\/posts"}],"about":[{"href":"https:\/\/www.messinaoggi.it\/website\/wp-json\/wp\/v2\/types\/post"}],"author":[{"embeddable":true,"href":"https:\/\/www.messinaoggi.it\/website\/wp-json\/wp\/v2\/users\/18"}],"replies":[{"embeddable":true,"href":"https:\/\/www.messinaoggi.it\/website\/wp-json\/wp\/v2\/comments?post=265888"}],"version-history":[{"count":0,"href":"https:\/\/www.messinaoggi.it\/website\/wp-json\/wp\/v2\/posts\/265888\/revisions"}],"wp:featuredmedia":[{"embeddable":true,"href":"https:\/\/www.messinaoggi.it\/website\/wp-json\/wp\/v2\/media\/265889"}],"wp:attachment":[{"href":"https:\/\/www.messinaoggi.it\/website\/wp-json\/wp\/v2\/media?parent=265888"}],"wp:term":[{"taxonomy":"category","embeddable":true,"href":"https:\/\/www.messinaoggi.it\/website\/wp-json\/wp\/v2\/categories?post=265888"},{"taxonomy":"post_tag","embeddable":true,"href":"https:\/\/www.messinaoggi.it\/website\/wp-json\/wp\/v2\/tags?post=265888"}],"curies":[{"name":"wp","href":"https:\/\/api.w.org\/{rel}","templated":true}]}}