{"id":265886,"date":"2026-04-27T17:08:27","date_gmt":"2026-04-27T15:08:27","guid":{"rendered":"https:\/\/www.messinaoggi.it\/website\/2026\/04\/27\/ue-tajani-contrario-alluscita-unilaterale-dal-patto-di-stabilita\/"},"modified":"2026-04-27T17:08:27","modified_gmt":"2026-04-27T15:08:27","slug":"ue-tajani-contrario-alluscita-unilaterale-dal-patto-di-stabilita","status":"publish","type":"post","link":"https:\/\/www.messinaoggi.it\/website\/2026\/04\/27\/ue-tajani-contrario-alluscita-unilaterale-dal-patto-di-stabilita\/","title":{"rendered":"Ue, Tajani \u201cContrario all\u2019uscita unilaterale dal Patto di Stabilit\u00e0\u201d"},"content":{"rendered":"<div>FIRENZE (ITALPRESS) &#8211; <em><strong>&#8220;Credo che sia possibile e anche giusto intervenire per tener fuori dal Patto di Stabilit\u00e0 le spese legate alle vicende di Hormuz<\/strong>, quindi le spese per l&#8217;energia, per\u00f2 deve essere un provvedimento a tempo&#8221;.<\/em> Lo ha detto il vicepremier e ministro degli Affari Esteri, Antonio<strong> Tajani<\/strong>, a margine del Forum economico Italia-America Latina, a Prato.<div id=\"div-gpt-ad-Messinaoggi.it-DSK-300x250-corpoart\" style=\"text-align:center;margin:0 auto;\"><\/div><\/p>\n<p><strong><em>&#8220;Sono assolutamente contrario all&#8217;ipotesi di uscire unilateralmente dal Patto di Stabilit\u00e0<\/em><\/strong> &#8211; ha aggiunto Tajani -, <em>in questi momenti serve pi\u00f9 Europa e non meno Europa. Servono iniziative pi\u00f9 coraggiose, e quella degli aiuti di Stato proposta dalla Commissione Europea \u00e8 una proposta che rischia di far aumentare la concorrenza sleale, di far aumentare i dislivelli non essendoci ancora armonizzazione fiscale, quindi non mi pare una soluzione ottimale. Si potrebbe pensare, se l&#8217;Europa vuole fare una scelta coraggiosa, a un altro Pnrr come quello del Covid per permettere a tutta l&#8217;Europa di poter superare questo momento complicato&#8221;.<\/em><div id=\"videoincontent\" style=\"clear:both\";><\/div><\/p>\n<p><em><strong>&#8220;Ci sono i 400 miliardi del Mes, non vedo perch\u00e8 devono rimanere l\u00e0 congelati.<\/strong> Invece di aumentare il debito pubblico si potrebbero utilizzare quei soldi per il debito pubblico, se noi aumentiamo il debito pubblico mettiamo un altro fardello sulle spalle degli italiani&#8221;<\/em>, ha concluso Tajani.<\/p>\n<p>&#8211; Foto IPA Agency &#8211;<\/p>\n<p>(ITALPRESS).<\/p><\/div>\n","protected":false},"excerpt":{"rendered":"<p>FIRENZE (ITALPRESS) &#8211; &#8220;Credo che sia possibile e anche giusto intervenire per tener fuori dal Patto di Stabilit\u00e0 le spese legate alle vicende di Hormuz, quindi le spese per l&#8217;energia, per\u00f2 deve essere un provvedimento a tempo&#8221;. Lo ha detto il vicepremier e ministro degli Affari Esteri, Antonio Tajani, a margine del Forum economico Italia-America [&hellip;]<\/p>\n","protected":false},"author":18,"featured_media":265887,"comment_status":"closed","ping_status":"closed","sticky":false,"template":"","format":"standard","meta":{"ub_ctt_via":"","_mi_skip_tracking":false},"categories":[446],"tags":[783],"featured_image_src":"https:\/\/www.messinaoggi.it\/website\/wp-content\/uploads\/2026\/04\/20260427_1664.jpg","author_info":{"display_name":"Admin","author_link":"https:\/\/www.messinaoggi.it\/website\/author\/admin\/"},"digistream_id":0,"digistream":false,"_links":{"self":[{"href":"https:\/\/www.messinaoggi.it\/website\/wp-json\/wp\/v2\/posts\/265886"}],"collection":[{"href":"https:\/\/www.messinaoggi.it\/website\/wp-json\/wp\/v2\/posts"}],"about":[{"href":"https:\/\/www.messinaoggi.it\/website\/wp-json\/wp\/v2\/types\/post"}],"author":[{"embeddable":true,"href":"https:\/\/www.messinaoggi.it\/website\/wp-json\/wp\/v2\/users\/18"}],"replies":[{"embeddable":true,"href":"https:\/\/www.messinaoggi.it\/website\/wp-json\/wp\/v2\/comments?post=265886"}],"version-history":[{"count":0,"href":"https:\/\/www.messinaoggi.it\/website\/wp-json\/wp\/v2\/posts\/265886\/revisions"}],"wp:featuredmedia":[{"embeddable":true,"href":"https:\/\/www.messinaoggi.it\/website\/wp-json\/wp\/v2\/media\/265887"}],"wp:attachment":[{"href":"https:\/\/www.messinaoggi.it\/website\/wp-json\/wp\/v2\/media?parent=265886"}],"wp:term":[{"taxonomy":"category","embeddable":true,"href":"https:\/\/www.messinaoggi.it\/website\/wp-json\/wp\/v2\/categories?post=265886"},{"taxonomy":"post_tag","embeddable":true,"href":"https:\/\/www.messinaoggi.it\/website\/wp-json\/wp\/v2\/tags?post=265886"}],"curies":[{"name":"wp","href":"https:\/\/api.w.org\/{rel}","templated":true}]}}