{"id":265871,"date":"2026-04-27T15:08:25","date_gmt":"2026-04-27T13:08:25","guid":{"rendered":"https:\/\/www.messinaoggi.it\/website\/2026\/04\/27\/urso-sul-taglio-delle-accise-valuteremo-in-cdm-cosa-fare\/"},"modified":"2026-04-27T15:08:25","modified_gmt":"2026-04-27T13:08:25","slug":"urso-sul-taglio-delle-accise-valuteremo-in-cdm-cosa-fare","status":"publish","type":"post","link":"https:\/\/www.messinaoggi.it\/website\/2026\/04\/27\/urso-sul-taglio-delle-accise-valuteremo-in-cdm-cosa-fare\/","title":{"rendered":"Urso \u201cSul taglio delle accise valuteremo in Cdm cosa fare\u201d"},"content":{"rendered":"<div>ROMA (ITALPRESS) &#8211; <em>&#8220;Non anticipo mai i provvedimenti del governo, tanto pi\u00f9 quando siano complessivi. Abbiamo due riunioni del consiglio dei Ministri, una domani e una il 30 e in quella sede valuteremo cosa fare sul fronte dell&#8217;energia. Nel frattempo stiamo lavorando in sede europea affinch\u00e8 proprio l&#8217;energia, che \u00e8 la linea del fronte, sia quella in cui gli Stati possano utilizzare le risorse per dare una risposta al sistema produttivo e alle famiglie&#8221;.<\/em> Cos\u00ec il ministro delle Imprese e del Made in Italy, Adolfo <strong>Urso,<\/strong> a margine della presentazione di Samoter, sulla possibile proroga del taglio delle accise sui carburanti.<br \/>\n<em>&#8220;La linea del fronte \u00e8 l&#8217;energia, ma dietro vi sono altre problematiche, altrettanto importanti, se dovesse perdurare il blocco dello stretto di Hormuz, come quelle dell&#8217;approvvigionamento di materie critiche fondamentali per alcune filiere produttive. Quindi siamo in campo, chiediamo all&#8217;Europa di fornirci gli strumenti, di liberarci da lacci che oggi ci impediscono di agire come dovremmo in tempo congruo e con le modalit\u00e0 necessarie per fronteggiare quella che \u00e8 eveidente a tutti \u00e8 una grande emergenza&#8221;<\/em>, ha aggiunto.<div id=\"div-gpt-ad-Messinaoggi.it-DSK-300x250-corpoart\" style=\"text-align:center;margin:0 auto;\"><\/div><\/p>\n<p>-Foto: Ipa Agency-<div id=\"videoincontent\" style=\"clear:both\";><\/div><\/p>\n<p>(ITALPRESS).<\/p><\/div>\n","protected":false},"excerpt":{"rendered":"<p>ROMA (ITALPRESS) &#8211; &#8220;Non anticipo mai i provvedimenti del governo, tanto pi\u00f9 quando siano complessivi. Abbiamo due riunioni del consiglio dei Ministri, una domani e una il 30 e in quella sede valuteremo cosa fare sul fronte dell&#8217;energia. Nel frattempo stiamo lavorando in sede europea affinch\u00e8 proprio l&#8217;energia, che \u00e8 la linea del fronte, sia [&hellip;]<\/p>\n","protected":false},"author":18,"featured_media":265872,"comment_status":"closed","ping_status":"closed","sticky":false,"template":"","format":"standard","meta":{"ub_ctt_via":"","_mi_skip_tracking":false},"categories":[446],"tags":[783],"featured_image_src":"https:\/\/www.messinaoggi.it\/website\/wp-content\/uploads\/2026\/04\/20260427_0843.jpg","author_info":{"display_name":"Admin","author_link":"https:\/\/www.messinaoggi.it\/website\/author\/admin\/"},"digistream_id":0,"digistream":false,"_links":{"self":[{"href":"https:\/\/www.messinaoggi.it\/website\/wp-json\/wp\/v2\/posts\/265871"}],"collection":[{"href":"https:\/\/www.messinaoggi.it\/website\/wp-json\/wp\/v2\/posts"}],"about":[{"href":"https:\/\/www.messinaoggi.it\/website\/wp-json\/wp\/v2\/types\/post"}],"author":[{"embeddable":true,"href":"https:\/\/www.messinaoggi.it\/website\/wp-json\/wp\/v2\/users\/18"}],"replies":[{"embeddable":true,"href":"https:\/\/www.messinaoggi.it\/website\/wp-json\/wp\/v2\/comments?post=265871"}],"version-history":[{"count":0,"href":"https:\/\/www.messinaoggi.it\/website\/wp-json\/wp\/v2\/posts\/265871\/revisions"}],"wp:featuredmedia":[{"embeddable":true,"href":"https:\/\/www.messinaoggi.it\/website\/wp-json\/wp\/v2\/media\/265872"}],"wp:attachment":[{"href":"https:\/\/www.messinaoggi.it\/website\/wp-json\/wp\/v2\/media?parent=265871"}],"wp:term":[{"taxonomy":"category","embeddable":true,"href":"https:\/\/www.messinaoggi.it\/website\/wp-json\/wp\/v2\/categories?post=265871"},{"taxonomy":"post_tag","embeddable":true,"href":"https:\/\/www.messinaoggi.it\/website\/wp-json\/wp\/v2\/tags?post=265871"}],"curies":[{"name":"wp","href":"https:\/\/api.w.org\/{rel}","templated":true}]}}