{"id":265857,"date":"2026-04-27T10:33:25","date_gmt":"2026-04-27T08:33:25","guid":{"rendered":"https:\/\/www.messinaoggi.it\/website\/2026\/04\/27\/intimidazioni-ad-attivita-commerciali-di-palermo-lagalla-non-vi-lasceremo-soli\/"},"modified":"2026-04-27T10:33:25","modified_gmt":"2026-04-27T08:33:25","slug":"intimidazioni-ad-attivita-commerciali-di-palermo-lagalla-non-vi-lasceremo-soli","status":"publish","type":"post","link":"https:\/\/www.messinaoggi.it\/website\/2026\/04\/27\/intimidazioni-ad-attivita-commerciali-di-palermo-lagalla-non-vi-lasceremo-soli\/","title":{"rendered":"Intimidazioni ad attivit\u00e0 commerciali di Palermo, Lagalla \u201cNon vi lasceremo soli\u201d"},"content":{"rendered":"<div>\n<p>PALERMO (ITALPRESS) \u2013<em> \u201cA seguito dei gravi episodi di intimidazione che hanno colpito alcune attivit\u00e0 commerciali della citt\u00e0, sentiamo il dovere di ribadire con forza che non lasceremo soli i nostri imprenditori. In questi anni l\u2019amministrazione Lagalla ha costruito un percorso concreto di sostegno al tessuto economico locale, attivando numerosi bandi e utilizzando in modo strutturato gli strumenti previsti dal regolamento comunale per l\u2019erogazione di contributi alle imprese, erogando oltre 1 milione e mezzo di contributi e sostenendo oltre 100 imprese. Abbiamo gi\u00e0 destinato risorse importanti attraverso contributi a fondo perduto, sia per accompagnare lo sviluppo delle attivit\u00e0 economiche sia per sostenere chi \u00e8 stato vittima di intimidazioni mafiose. Oggi rafforziamo ulteriormente questo impegno. Abbiamo deciso di attivare un\u2019ulteriore misura straordinaria di sostegno economico dedicata alle imprese vittime di intimidazioni, prevedendo lo stanziamento di somme specifiche. Si tratta di un intervento chiaro e diretto: sostenere economicamente chi ha subito un danno e, allo stesso tempo, dare un segnale forte di presenza delle istituzioni. Vogliamo che sia chiaro un principio, le istituzioni sono concretamente al fianco di chi sceglie la legalit\u00e0 e nessuno rimarr\u00e0 indietro. Le imprese che hanno subito questi episodi troveranno nel Comune un interlocutore serio, rapido ed efficace, con procedure semplificate che consentiranno di accedere ai contributi in tempi certi<\/em>. <em>Continueremo a investire risorse pubbliche per sostenere il sistema produttivo della citt\u00e0, perch\u00e9 difendere le imprese significa difendere il lavoro, l\u2019economia e il futuro di Palermo. Il nostro obiettivo \u00e8 duplice: garantire un sostegno immediato a chi \u00e8 stato colpito e, allo stesso tempo, rafforzare un modello di sviluppo fondato su legalit\u00e0, crescita e fiducia. A tutti gli operatori economici vogliamo dire con chiarezza: non siete soli. Il Comune c\u2019\u00e8, e continuer\u00e0 ad esserci, con strumenti concreti e risorse reali, al vostro fianco\u201d.<\/em> Lo dichiarano il sindaco di Palermo Roberto <strong>Lagalla<\/strong> e l\u2019assessore alle Attivit\u00e0 Produttive Giuliano <strong>Forzinetti.<\/strong><div id=\"div-gpt-ad-Messinaoggi.it-DSK-300x250-corpoart\" style=\"text-align:center;margin:0 auto;\"><\/div><\/p>\n<p>\u2013 foto IPA Agency \u2013<div id=\"videoincontent\" style=\"clear:both\";><\/div><\/p>\n<p>(ITALPRESS).<\/p>\n<\/div>\n","protected":false},"excerpt":{"rendered":"<p>PALERMO (ITALPRESS) \u2013 \u201cA seguito dei gravi episodi di intimidazione che hanno colpito alcune attivit\u00e0 commerciali della citt\u00e0, sentiamo il dovere di ribadire con forza che non lasceremo soli i nostri imprenditori. In questi anni l\u2019amministrazione Lagalla ha costruito un percorso concreto di sostegno al tessuto economico locale, attivando numerosi bandi e utilizzando in modo [&hellip;]<\/p>\n","protected":false},"author":18,"featured_media":265858,"comment_status":"closed","ping_status":"closed","sticky":false,"template":"","format":"standard","meta":{"ub_ctt_via":"","_mi_skip_tracking":false},"categories":[2449],"tags":[783],"featured_image_src":"https:\/\/www.messinaoggi.it\/website\/wp-content\/uploads\/2026\/04\/20231102_0066.jpg","author_info":{"display_name":"Admin","author_link":"https:\/\/www.messinaoggi.it\/website\/author\/admin\/"},"digistream_id":0,"digistream":false,"_links":{"self":[{"href":"https:\/\/www.messinaoggi.it\/website\/wp-json\/wp\/v2\/posts\/265857"}],"collection":[{"href":"https:\/\/www.messinaoggi.it\/website\/wp-json\/wp\/v2\/posts"}],"about":[{"href":"https:\/\/www.messinaoggi.it\/website\/wp-json\/wp\/v2\/types\/post"}],"author":[{"embeddable":true,"href":"https:\/\/www.messinaoggi.it\/website\/wp-json\/wp\/v2\/users\/18"}],"replies":[{"embeddable":true,"href":"https:\/\/www.messinaoggi.it\/website\/wp-json\/wp\/v2\/comments?post=265857"}],"version-history":[{"count":0,"href":"https:\/\/www.messinaoggi.it\/website\/wp-json\/wp\/v2\/posts\/265857\/revisions"}],"wp:featuredmedia":[{"embeddable":true,"href":"https:\/\/www.messinaoggi.it\/website\/wp-json\/wp\/v2\/media\/265858"}],"wp:attachment":[{"href":"https:\/\/www.messinaoggi.it\/website\/wp-json\/wp\/v2\/media?parent=265857"}],"wp:term":[{"taxonomy":"category","embeddable":true,"href":"https:\/\/www.messinaoggi.it\/website\/wp-json\/wp\/v2\/categories?post=265857"},{"taxonomy":"post_tag","embeddable":true,"href":"https:\/\/www.messinaoggi.it\/website\/wp-json\/wp\/v2\/tags?post=265857"}],"curies":[{"name":"wp","href":"https:\/\/api.w.org\/{rel}","templated":true}]}}