{"id":265843,"date":"2026-04-27T08:09:43","date_gmt":"2026-04-27T06:09:43","guid":{"rendered":"http:\/\/www.messinaoggi.it\/website\/?p=265843"},"modified":"2026-04-27T08:10:05","modified_gmt":"2026-04-27T06:10:05","slug":"atm-sciopero-inopportuno","status":"publish","type":"post","link":"https:\/\/www.messinaoggi.it\/website\/2026\/04\/27\/atm-sciopero-inopportuno\/","title":{"rendered":"ATM: &#8220;Sciopero inopportuno&#8221;"},"content":{"rendered":"\n<p>Il managment dell&#8217;ATM Spa Messina interviene sullo sciopero proclamato dai sindacati per il prossimo 5 maggio.<div id=\"div-gpt-ad-Messinaoggi.it-DSK-300x250-corpoart\" style=\"text-align:center;margin:0 auto;\"><\/div><\/p>\n\n\n\n<p>&#8220;Sino a questo momento, in ragione delle prossime elezioni comunali e della possibile manipolazione di ogni comportamento e\/o frase, nonch\u00e9 in ragione delle criticit\u00e0 reali di questo particolare momento storico (aumento dei costi del carburante superiore al 35% con ricadute su ATM S.p.A., che tutti possono comprendere, salvo chi sia disinteressato al benessere della societ\u00e0 e della Comunit\u00e0), non \u00e8 mai intervenuta pubblicamente, anche per rispetto del richiesto intervento di S.E. il Prefetto di Messina nell\u2019ambito delle procedure di raffreddamento.<br>Adesso, di fronte ad una scelta che si ritiene irresponsabile innanzitutto nei confronti dei cittadini, ma anche degli stessi lavoratori di ATM SpA, \u00a0si \u00e8 costretti a precisare che in Prefettura \u00e8 emerso con chiarezza che nessuna delle richieste operate dalle Organizzazioni sindacali poteva riguardare le procedure di raffreddamento e quindi nessuna delle istanze operate legittimava e\/o legittima lo sciopero.<br>In Prefettura \u00e8 emerso che le ragioni della procedura di raffreddamento sono determinate dalla pertinace volont\u00e0 di alcuni sindacati di incidere su chi debba fare cosa in Azienda, e ci\u00f2 \u00e8 a dir poco inaccettabile. Sono state, anche, queste logiche, in passato, a determinare il disastro di ATM in liquidazione, ma la memoria corta non aiuta.<br>Invero, vista la tempistica della procedura di raffreddamento, avviata il 17\/3\/2026, senza alcun confronto preventivo con la nuova governance (nominata nel pomeriggio del 27\/2\/2026), era di evidente nitore, la precisa intenzione delle OO.SS. di giungere allo sciopero, anche perch\u00e9 a fronte di richieste irricevibili quale avrebbe potuto essere il diverso esito, considerato che aderire alle richieste significherebbe solo danneggiare l\u2019Azienda?<br>Lo sciopero, per\u00f2, sar\u00e0 comunque molto, molto, utile, a ricordare, a Tutti, che in passato, prima che il servizio fosse svolto da ATM S.p.A., gli autobus o passavano costantemente con grande ritardo, ovvero non passavano. \u00a0Si ringraziano, pertanto, le OO.SS. per la loro iniziativa, che consentir\u00e0 di ricordare com\u2019era il Trasporto Pubblico Locale a Messina prima di ATM S.p.A. e com\u2019\u00e8 il servizio di Trasporto Pubblico Locale da quando viene effettuato da ATM S.p.A, vale a dire dal 1. giugno 2020&#8243;.<div id=\"videoincontent\" style=\"clear:both\";><\/div><\/p>\n","protected":false},"excerpt":{"rendered":"<p>Il managment dell&#8217;ATM Spa Messina interviene sullo sciopero proclamato dai sindacati per il prossimo 5 maggio. &#8220;Sino a questo momento, in ragione delle prossime elezioni comunali e della possibile manipolazione di ogni comportamento e\/o frase, nonch\u00e9 in ragione delle criticit\u00e0 reali di questo particolare momento storico (aumento dei costi del carburante superiore al 35% con [&hellip;]<\/p>\n","protected":false},"author":2,"featured_media":124007,"comment_status":"open","ping_status":"open","sticky":false,"template":"","format":"standard","meta":{"ub_ctt_via":"","_mi_skip_tracking":false},"categories":[5],"tags":[3460],"featured_image_src":"https:\/\/www.messinaoggi.it\/website\/wp-content\/uploads\/2022\/10\/front-office-Atm-scaled.jpg","author_info":{"display_name":"Redazione","author_link":"https:\/\/www.messinaoggi.it\/website\/author\/redazione\/"},"digistream_id":0,"digistream":false,"_links":{"self":[{"href":"https:\/\/www.messinaoggi.it\/website\/wp-json\/wp\/v2\/posts\/265843"}],"collection":[{"href":"https:\/\/www.messinaoggi.it\/website\/wp-json\/wp\/v2\/posts"}],"about":[{"href":"https:\/\/www.messinaoggi.it\/website\/wp-json\/wp\/v2\/types\/post"}],"author":[{"embeddable":true,"href":"https:\/\/www.messinaoggi.it\/website\/wp-json\/wp\/v2\/users\/2"}],"replies":[{"embeddable":true,"href":"https:\/\/www.messinaoggi.it\/website\/wp-json\/wp\/v2\/comments?post=265843"}],"version-history":[{"count":1,"href":"https:\/\/www.messinaoggi.it\/website\/wp-json\/wp\/v2\/posts\/265843\/revisions"}],"predecessor-version":[{"id":265845,"href":"https:\/\/www.messinaoggi.it\/website\/wp-json\/wp\/v2\/posts\/265843\/revisions\/265845"}],"wp:featuredmedia":[{"embeddable":true,"href":"https:\/\/www.messinaoggi.it\/website\/wp-json\/wp\/v2\/media\/124007"}],"wp:attachment":[{"href":"https:\/\/www.messinaoggi.it\/website\/wp-json\/wp\/v2\/media?parent=265843"}],"wp:term":[{"taxonomy":"category","embeddable":true,"href":"https:\/\/www.messinaoggi.it\/website\/wp-json\/wp\/v2\/categories?post=265843"},{"taxonomy":"post_tag","embeddable":true,"href":"https:\/\/www.messinaoggi.it\/website\/wp-json\/wp\/v2\/tags?post=265843"}],"curies":[{"name":"wp","href":"https:\/\/api.w.org\/{rel}","templated":true}]}}