{"id":265819,"date":"2026-04-26T17:08:31","date_gmt":"2026-04-26T15:08:31","guid":{"rendered":"https:\/\/www.messinaoggi.it\/website\/2026\/04\/26\/pogacar-trionfa-per-la-quarta-volta-alla-liegi-bastogne-liegi\/"},"modified":"2026-04-26T17:08:31","modified_gmt":"2026-04-26T15:08:31","slug":"pogacar-trionfa-per-la-quarta-volta-alla-liegi-bastogne-liegi","status":"publish","type":"post","link":"https:\/\/www.messinaoggi.it\/website\/2026\/04\/26\/pogacar-trionfa-per-la-quarta-volta-alla-liegi-bastogne-liegi\/","title":{"rendered":"Pogacar trionfa per la quarta volta alla Liegi-Bastogne-Liegi"},"content":{"rendered":"<div>LIEGI (BELGIO) (ITALPRESS) &#8211; Tadej Pogacar vince in solitaria la 112esima edizione della Liegi-Bastogne-Liegi. Dopo la delusione della Parigi-Roubaix, il fuoriclase sloveno \u00e8 riuscito a staccare Paul Seixas nell&#8217;ultima cote di giornata. Il francese \u00e8 arrivato poi secondo con 43&#8243; di ritardo, terzo classificato il belga Remco Evenepoel. Una caduta nei primi chilometri ha infiammato la corsa spaccando il gruppo in due, con la UAE rimasta dietro e la coppia Evenepoel-Bernal a tirare a tutta insieme ai compagni di squadra per poter mettere in difficolt\u00e0 lo sloveno. Nonostante il vantaggio conquistato, i due fuggitivi pi\u00f9 pericolosi sono stati ripresi a 100 km dal traguardo, sulla Cote de Stockeu il gruppo \u00e8 ritornato ad essere compatto. La fiammata decisiva \u00e8 arrivata su La Redoute, con l&#8217;attacco di Pogacar: soltanto il giovane Paul Seixas \u00e8 riuscito a rimanere a contatto con il campione del mondo in carica. Il gruppetto trainato da Evenepoel \u00e8 rimasto a 40&#8243; cercando di recuperare la coppia al comando, ma i due hanno tirato dritto fino al traguardo. L&#8217;iridato sloveno ha attaccato nuovamente su la Cote de la Roche aux Faucons, ai -500 metri dalla fine della salita il baby transalpino ha pagato lo sforzo e si \u00e8 staccato. Pogacar conquista di forza la sua terza Classica Monumento della stagione, iscrivendo per la quarta volta (la terza consecutiva) il suo nome nell&#8217;albo d&#8217;oro della Doyenne.<br \/>&#8211; Foto Ipa Agency &#8211;<br \/>(ITALPRESS).<\/div>\n<div id=\"div-gpt-ad-Messinaoggi.it-DSK-300x250-corpoart\" style=\"text-align:center;margin:0 auto;\"><\/div><\/p><div id=\"videoincontent\" style=\"clear:both\";><\/div>","protected":false},"excerpt":{"rendered":"<p>LIEGI (BELGIO) (ITALPRESS) &#8211; Tadej Pogacar vince in solitaria la 112esima edizione della Liegi-Bastogne-Liegi. Dopo la delusione della Parigi-Roubaix, il fuoriclase sloveno \u00e8 riuscito a staccare Paul Seixas nell&#8217;ultima cote di giornata. Il francese \u00e8 arrivato poi secondo con 43&#8243; di ritardo, terzo classificato il belga Remco Evenepoel. Una caduta nei primi chilometri ha infiammato [&hellip;]<\/p>\n","protected":false},"author":18,"featured_media":265820,"comment_status":"closed","ping_status":"closed","sticky":false,"template":"","format":"standard","meta":{"ub_ctt_via":"","_mi_skip_tracking":false},"categories":[446],"tags":[783],"featured_image_src":"https:\/\/www.messinaoggi.it\/website\/wp-content\/uploads\/2026\/04\/20260426_1346.jpg","author_info":{"display_name":"Admin","author_link":"https:\/\/www.messinaoggi.it\/website\/author\/admin\/"},"digistream_id":0,"digistream":false,"_links":{"self":[{"href":"https:\/\/www.messinaoggi.it\/website\/wp-json\/wp\/v2\/posts\/265819"}],"collection":[{"href":"https:\/\/www.messinaoggi.it\/website\/wp-json\/wp\/v2\/posts"}],"about":[{"href":"https:\/\/www.messinaoggi.it\/website\/wp-json\/wp\/v2\/types\/post"}],"author":[{"embeddable":true,"href":"https:\/\/www.messinaoggi.it\/website\/wp-json\/wp\/v2\/users\/18"}],"replies":[{"embeddable":true,"href":"https:\/\/www.messinaoggi.it\/website\/wp-json\/wp\/v2\/comments?post=265819"}],"version-history":[{"count":0,"href":"https:\/\/www.messinaoggi.it\/website\/wp-json\/wp\/v2\/posts\/265819\/revisions"}],"wp:featuredmedia":[{"embeddable":true,"href":"https:\/\/www.messinaoggi.it\/website\/wp-json\/wp\/v2\/media\/265820"}],"wp:attachment":[{"href":"https:\/\/www.messinaoggi.it\/website\/wp-json\/wp\/v2\/media?parent=265819"}],"wp:term":[{"taxonomy":"category","embeddable":true,"href":"https:\/\/www.messinaoggi.it\/website\/wp-json\/wp\/v2\/categories?post=265819"},{"taxonomy":"post_tag","embeddable":true,"href":"https:\/\/www.messinaoggi.it\/website\/wp-json\/wp\/v2\/tags?post=265819"}],"curies":[{"name":"wp","href":"https:\/\/api.w.org\/{rel}","templated":true}]}}