{"id":265800,"date":"2026-04-26T09:59:12","date_gmt":"2026-04-26T07:59:12","guid":{"rendered":"http:\/\/www.messinaoggi.it\/website\/?p=265800"},"modified":"2026-04-26T09:59:19","modified_gmt":"2026-04-26T07:59:19","slug":"basile-festeggia-il-25-aprile-con-i-giovani-e-cateno","status":"publish","type":"post","link":"https:\/\/www.messinaoggi.it\/website\/2026\/04\/26\/basile-festeggia-il-25-aprile-con-i-giovani-e-cateno\/","title":{"rendered":"Basile festeggia il 25 aprile con i giovani e&#8230; Cateno"},"content":{"rendered":"\n<p>Una giornata di partecipazione, condivisione e valori, nel segno del 25 aprile. Il candidato sindaco Federico Basile ha preso parte oggi all\u2019iniziativa organizzata insieme alle due liste giovanili, \u201cCateno per i Giovani\u201d e \u201cDe Luca Sindaco di Sicilia\u201d, alla presenza di Cateno De Luca, per celebrare la Festa della Liberazione con uno sguardo rivolto alle nuove generazioni.<br>Un momento di incontro che ha visto protagonisti tanti giovani, tra confronto, sport e socialit\u00e0, ma anche occasione per ribadire il ruolo centrale delle nuove energie nella costruzione del futuro della citt\u00e0.<br>Nel corso della giornata, i giovani hanno voluto investire Federico Basile del ruolo di capolista nella lista \u201cCateno per i giovani\u201d, una scelta significativa che testimonia attenzione, fiducia e volont\u00e0 di essere parte attiva di un progetto politico che mette al centro il loro protagonismo.<br>\u201cCelebrare il 25 aprile insieme ai giovani significa dare senso pieno ai valori della libert\u00e0 e della partecipazione \u2013 ha dichiarato Basile \u2013. La loro presenza oggi, cos\u00ec come la scelta di indicarmi come capolista, rappresentano un segnale forte. In questi anni abbiamo sempre messo i giovani al centro di importanti azioni amministrative. I giovani vogliono essere parte di questo cambiamento che sta accompagnando anche la loro crescita. La proposta che mi hanno fatto \u00e8 una responsabilit\u00e0 che accolgo con orgoglio e con la determinazione di continuare a costruire opportunit\u00e0 concrete per il loro futuro\u201d.<div id=\"div-gpt-ad-Messinaoggi.it-DSK-300x250-corpoart\" style=\"text-align:center;margin:0 auto;\"><\/div><\/p>\n<div id=\"videoincontent\" style=\"clear:both\";><\/div>","protected":false},"excerpt":{"rendered":"<p>Una giornata di partecipazione, condivisione e valori, nel segno del 25 aprile. Il candidato sindaco Federico Basile ha preso parte oggi all\u2019iniziativa organizzata insieme alle due liste giovanili, \u201cCateno per i Giovani\u201d e \u201cDe Luca Sindaco di Sicilia\u201d, alla presenza di Cateno De Luca, per celebrare la Festa della Liberazione con uno sguardo rivolto alle [&hellip;]<\/p>\n","protected":false},"author":2,"featured_media":265801,"comment_status":"open","ping_status":"open","sticky":false,"template":"","format":"standard","meta":{"ub_ctt_via":"","_mi_skip_tracking":false},"categories":[6],"tags":[126,2972,5307],"featured_image_src":"https:\/\/www.messinaoggi.it\/website\/wp-content\/uploads\/2026\/04\/IMG-20260425-WA0086.jpg","author_info":{"display_name":"Redazione","author_link":"https:\/\/www.messinaoggi.it\/website\/author\/redazione\/"},"digistream_id":0,"digistream":false,"_links":{"self":[{"href":"https:\/\/www.messinaoggi.it\/website\/wp-json\/wp\/v2\/posts\/265800"}],"collection":[{"href":"https:\/\/www.messinaoggi.it\/website\/wp-json\/wp\/v2\/posts"}],"about":[{"href":"https:\/\/www.messinaoggi.it\/website\/wp-json\/wp\/v2\/types\/post"}],"author":[{"embeddable":true,"href":"https:\/\/www.messinaoggi.it\/website\/wp-json\/wp\/v2\/users\/2"}],"replies":[{"embeddable":true,"href":"https:\/\/www.messinaoggi.it\/website\/wp-json\/wp\/v2\/comments?post=265800"}],"version-history":[{"count":1,"href":"https:\/\/www.messinaoggi.it\/website\/wp-json\/wp\/v2\/posts\/265800\/revisions"}],"predecessor-version":[{"id":265802,"href":"https:\/\/www.messinaoggi.it\/website\/wp-json\/wp\/v2\/posts\/265800\/revisions\/265802"}],"wp:featuredmedia":[{"embeddable":true,"href":"https:\/\/www.messinaoggi.it\/website\/wp-json\/wp\/v2\/media\/265801"}],"wp:attachment":[{"href":"https:\/\/www.messinaoggi.it\/website\/wp-json\/wp\/v2\/media?parent=265800"}],"wp:term":[{"taxonomy":"category","embeddable":true,"href":"https:\/\/www.messinaoggi.it\/website\/wp-json\/wp\/v2\/categories?post=265800"},{"taxonomy":"post_tag","embeddable":true,"href":"https:\/\/www.messinaoggi.it\/website\/wp-json\/wp\/v2\/tags?post=265800"}],"curies":[{"name":"wp","href":"https:\/\/api.w.org\/{rel}","templated":true}]}}