{"id":26567,"date":"2018-11-09T18:06:11","date_gmt":"2018-11-09T17:06:11","guid":{"rendered":"http:\/\/www.messinaoggi.it\/website\/?p=26567"},"modified":"2018-11-09T18:06:11","modified_gmt":"2018-11-09T17:06:11","slug":"lacqua-torna-potabile-a-gesso-s-stefano-medio-e-s-jachiddu","status":"publish","type":"post","link":"https:\/\/www.messinaoggi.it\/website\/2018\/11\/09\/lacqua-torna-potabile-a-gesso-s-stefano-medio-e-s-jachiddu\/","title":{"rendered":"L&#039;acqua torna potabile a Gesso, S. Stefano Medio e S. Jachiddu"},"content":{"rendered":"<p class=\"p1\"><span class=\"s1\">L&#8217;Amam, s seguito delle attivit\u00e0 svolte, comunica che la situazione della potabilit\u00e0 dell&#8217;acqua in alcune zone cittadine \u00e8 tornata alla normalit\u00e0.<\/span><div id=\"div-gpt-ad-Messinaoggi.it-DSK-300x250-corpoart\" style=\"text-align:center;margin:0 auto;\"><\/div><\/p>\n<p class=\"p1\"><span class=\"s1\">AREE <b>S. JACHIDDU <\/b>E<b> VIALE DEI TIGLI<\/b><\/span><div id=\"videoincontent\" style=\"clear:both\";><\/div><\/p>\n<p class=\"p3\"><span class=\"s1\">\u00a0si registra il rientro dei parametri microbiologici dell&#8217;acqua distribuita dai serbatoi:<\/span><\/p>\n<p class=\"p3\"><span class=\"s1\">&#8211; San Jachiddu (dal supermercato Ard fino al forte S. Jachiddu; Salita Tremonti dal serbatoio Tremonti a salire);<\/span><\/p>\n<p class=\"p3\"><span class=\"s1\">&#8211; Viale dei Tigli\u00a0 (zona Matteotti, rione Case basse via 153E, Salita Catena e Panoramica dal Viale Annunziata alla galleria Bosurgi, esclusa la Salita Fosse;)<\/span><\/p>\n<p class=\"p3\"><span class=\"s1\">L&#8217;acqua pertanto risulta a norma.<\/span><\/p>\n<p class=\"p3\"><span class=\"s1\">AREE<b> S. STEFANO MEDIO <\/b>E <b>GESSO\u00a0<\/b><\/span><\/p>\n<p class=\"p3\"><span class=\"s1\">i valori stanno andando verso la normalit\u00e0 ma rimane comunque il divieto di utilizzo fino al termine delle attivit\u00e0 ancora in corso per pulizia dei serbatoi e degli interventi sulla rete che AMAM aveva gi\u00e0 programmato, ed attuato contestualmente agli interventi di rientro alla portabilit\u00e0 delle acque al fine di ottimizzare i tempi.\u00a0<\/span><\/p>\n","protected":false},"excerpt":{"rendered":"<p>L&#8217;Amam, s seguito delle attivit\u00e0 svolte, comunica che la situazione della potabilit\u00e0 dell&#8217;acqua in alcune zone cittadine \u00e8 tornata alla normalit\u00e0. AREE S. JACHIDDU E VIALE DEI TIGLI \u00a0si registra il rientro dei parametri microbiologici dell&#8217;acqua distribuita dai serbatoi: &#8211; San Jachiddu (dal supermercato Ard fino al forte S. Jachiddu; Salita Tremonti dal serbatoio Tremonti [&hellip;]<\/p>\n","protected":false},"author":2,"featured_media":3506,"comment_status":"closed","ping_status":"open","sticky":false,"template":"","format":"standard","meta":{"ub_ctt_via":"","_mi_skip_tracking":false},"categories":[5],"tags":[],"featured_image_src":"https:\/\/www.messinaoggi.it\/website\/wp-content\/uploads\/2017\/06\/acqua-amam-2.jpg","author_info":{"display_name":"Redazione","author_link":"https:\/\/www.messinaoggi.it\/website\/author\/redazione\/"},"digistream_id":0,"digistream":false,"_links":{"self":[{"href":"https:\/\/www.messinaoggi.it\/website\/wp-json\/wp\/v2\/posts\/26567"}],"collection":[{"href":"https:\/\/www.messinaoggi.it\/website\/wp-json\/wp\/v2\/posts"}],"about":[{"href":"https:\/\/www.messinaoggi.it\/website\/wp-json\/wp\/v2\/types\/post"}],"author":[{"embeddable":true,"href":"https:\/\/www.messinaoggi.it\/website\/wp-json\/wp\/v2\/users\/2"}],"replies":[{"embeddable":true,"href":"https:\/\/www.messinaoggi.it\/website\/wp-json\/wp\/v2\/comments?post=26567"}],"version-history":[{"count":0,"href":"https:\/\/www.messinaoggi.it\/website\/wp-json\/wp\/v2\/posts\/26567\/revisions"}],"wp:featuredmedia":[{"embeddable":true,"href":"https:\/\/www.messinaoggi.it\/website\/wp-json\/wp\/v2\/media\/3506"}],"wp:attachment":[{"href":"https:\/\/www.messinaoggi.it\/website\/wp-json\/wp\/v2\/media?parent=26567"}],"wp:term":[{"taxonomy":"category","embeddable":true,"href":"https:\/\/www.messinaoggi.it\/website\/wp-json\/wp\/v2\/categories?post=26567"},{"taxonomy":"post_tag","embeddable":true,"href":"https:\/\/www.messinaoggi.it\/website\/wp-json\/wp\/v2\/tags?post=26567"}],"curies":[{"name":"wp","href":"https:\/\/api.w.org\/{rel}","templated":true}]}}