{"id":265556,"date":"2026-04-22T15:08:26","date_gmt":"2026-04-22T13:08:26","guid":{"rendered":"https:\/\/www.messinaoggi.it\/website\/2026\/04\/22\/mattarella-ricerca-veicolo-di-collaborazione-e-pace-sostenerla\/"},"modified":"2026-04-22T15:08:26","modified_gmt":"2026-04-22T13:08:26","slug":"mattarella-ricerca-veicolo-di-collaborazione-e-pace-sostenerla","status":"publish","type":"post","link":"https:\/\/www.messinaoggi.it\/website\/2026\/04\/22\/mattarella-ricerca-veicolo-di-collaborazione-e-pace-sostenerla\/","title":{"rendered":"Mattarella \u201cRicerca veicolo di collaborazione e pace, sostenerla\u201d"},"content":{"rendered":"<div>ROMA (ITALPRESS) &#8211; &#8220;<em><strong>In questa Giornata della Ricerca Italiana nel mondo occorre sottolineare quanto chi si occupa di ricerca sviluppa il futuro del nostro Paese, le condizioni per il futuro&#8221;<\/strong>.<\/em> La ricerca \u00e8<em> &#8220;una dimensione che ignora le frontiere, che non \u00e8 separabile dalle frontiere fra gli Stati e che rappresenta un veicolo di collaborazione e di pace. Lo abbiamo visto durante il Covid, ma lo vediamo costantemente ed \u00e8 sempre stato cos\u00ec; anche per questo dato storico \u00e8 importante sorreggere appieno la ricerca nel nostro Paese&#8221;.<\/em> Cos\u00ec il <strong>Presidente della Repubblica, Sergio Mattarella, ricevendo al Quirinale Anna Maria Bernini, ministro dell&#8217;Universit\u00e0 e della Ricerca<\/strong>, unitamente ad una delegazione dei<strong> Presidenti degli Enti di Ricerca<\/strong>.<div id=\"div-gpt-ad-Messinaoggi.it-DSK-300x250-corpoart\" style=\"text-align:center;margin:0 auto;\"><\/div><\/p>\n<p><em>&#8220;E&#8217; confortante vedere che i nostri giovani ricercatori che vanno altrove abbiano successo e che vengano valorizzati<\/em> &#8211; osserva -,<em> ma questo purch\u00e8 non impoverisca la nostra struttura e il nostro tessuto di ricerca. Per questo la stabilit\u00e0 e le certezze sono un elemento essenziale per sorreggere la ricerca nel nostro Paese, non per un&#8217;aspirazione burocratica ma per una possibilit\u00e0 di programmare le ricerche che hanno sempre bisogno di tempo, di prospettive, di date non ravvicinate. Per questo \u00e8 importante l&#8217;azione per sorreggere, non solo finanziariamente, ma come strumenti. Per quanto possa valere, da questo Palazzo c&#8217;\u00e8 il pi\u00f9 grande sostegno per questa esigenza e il ringraziamento intenso a tutto voi&#8221;.<\/em><div id=\"videoincontent\" style=\"clear:both\";><\/div><\/p>\n<h3><strong>IL VIDEO<\/strong><\/h3>\n<div style=\"width: 640px;\" class=\"wp-video\"><!--[if lt IE 9]><script>document.createElement('video');<\/script><![endif]-->\n<video class=\"wp-video-shortcode\" id=\"video-265556-1\" width=\"640\" height=\"360\" preload=\"metadata\" controls=\"controls\"><source type=\"video\/mp4\" src=\"https:\/\/video.italpress.com\/storage\/news\/video\/2026\/4\/1f43a4bc03e5bac1108317ca4b58302fa326b5bf.mp4?_=1\" \/><a href=\"https:\/\/video.italpress.com\/storage\/news\/video\/2026\/4\/1f43a4bc03e5bac1108317ca4b58302fa326b5bf.mp4\">https:\/\/video.italpress.com\/storage\/news\/video\/2026\/4\/1f43a4bc03e5bac1108317ca4b58302fa326b5bf.mp4<\/a><\/video><\/div>\n<p>foto: ufficio stampa Qurinale<\/p>\n<p>(ITALPRESS).<\/p><\/div>\n","protected":false},"excerpt":{"rendered":"<p>ROMA (ITALPRESS) &#8211; &#8220;In questa Giornata della Ricerca Italiana nel mondo occorre sottolineare quanto chi si occupa di ricerca sviluppa il futuro del nostro Paese, le condizioni per il futuro&#8221;. La ricerca \u00e8 &#8220;una dimensione che ignora le frontiere, che non \u00e8 separabile dalle frontiere fra gli Stati e che rappresenta un veicolo di collaborazione [&hellip;]<\/p>\n","protected":false},"author":18,"featured_media":265557,"comment_status":"closed","ping_status":"closed","sticky":false,"template":"","format":"standard","meta":{"ub_ctt_via":"","_mi_skip_tracking":false},"categories":[446],"tags":[783],"featured_image_src":"https:\/\/www.messinaoggi.it\/website\/wp-content\/uploads\/2026\/04\/20260422_0545.jpg","author_info":{"display_name":"Admin","author_link":"https:\/\/www.messinaoggi.it\/website\/author\/admin\/"},"digistream_id":0,"digistream":false,"_links":{"self":[{"href":"https:\/\/www.messinaoggi.it\/website\/wp-json\/wp\/v2\/posts\/265556"}],"collection":[{"href":"https:\/\/www.messinaoggi.it\/website\/wp-json\/wp\/v2\/posts"}],"about":[{"href":"https:\/\/www.messinaoggi.it\/website\/wp-json\/wp\/v2\/types\/post"}],"author":[{"embeddable":true,"href":"https:\/\/www.messinaoggi.it\/website\/wp-json\/wp\/v2\/users\/18"}],"replies":[{"embeddable":true,"href":"https:\/\/www.messinaoggi.it\/website\/wp-json\/wp\/v2\/comments?post=265556"}],"version-history":[{"count":0,"href":"https:\/\/www.messinaoggi.it\/website\/wp-json\/wp\/v2\/posts\/265556\/revisions"}],"wp:featuredmedia":[{"embeddable":true,"href":"https:\/\/www.messinaoggi.it\/website\/wp-json\/wp\/v2\/media\/265557"}],"wp:attachment":[{"href":"https:\/\/www.messinaoggi.it\/website\/wp-json\/wp\/v2\/media?parent=265556"}],"wp:term":[{"taxonomy":"category","embeddable":true,"href":"https:\/\/www.messinaoggi.it\/website\/wp-json\/wp\/v2\/categories?post=265556"},{"taxonomy":"post_tag","embeddable":true,"href":"https:\/\/www.messinaoggi.it\/website\/wp-json\/wp\/v2\/tags?post=265556"}],"curies":[{"name":"wp","href":"https:\/\/api.w.org\/{rel}","templated":true}]}}