{"id":26520,"date":"2018-11-08T12:14:35","date_gmt":"2018-11-08T11:14:35","guid":{"rendered":"http:\/\/www.messinaoggi.it\/website\/?p=26520"},"modified":"2018-11-08T12:14:35","modified_gmt":"2018-11-08T11:14:35","slug":"irccs-la-regione-chiede-revoca-bando-amministrativi-calapai-uil-fpl-avevamo-segnalato-presunte-anomalie","status":"publish","type":"post","link":"https:\/\/www.messinaoggi.it\/website\/2018\/11\/08\/irccs-la-regione-chiede-revoca-bando-amministrativi-calapai-uil-fpl-avevamo-segnalato-presunte-anomalie\/","title":{"rendered":"Irccs, la Regione chiede revoca bando amministrativi. Calapai (Uil-Fpl): &quot;Avevamo segnalato presunte anomalie&quot;"},"content":{"rendered":"<p class=\"p1\" style=\"text-align: justify;\"><span class=\"s1\">L\u2019Assessorato regionale alla Salute con nota del 6 novembre scorso ha invitato <b>l\u2019IRCCS-Neurolesi<\/b> a disporre l\u2019immediata sospensione del bando di selezione pubblica per 4 posti di dirigente amministrativo, richiedendo al contempo la revoca in autotutela dello stesso. L\u2019Assessorato in questione ha anche rilevato che, nel caso in cui la <i>governance <\/i>dell\u2019IRCCS-Neurolesi non provvedesse alla revoca della procedura concorsuale, si potrebbero profilare danni di carattere erariale.<\/span><div id=\"div-gpt-ad-Messinaoggi.it-DSK-300x250-corpoart\" style=\"text-align:center;margin:0 auto;\"><\/div><\/p>\n<p class=\"p2\" style=\"text-align: justify;\"><span class=\"s1\"><i>\u201cLa nota dell\u2019Assessorato \u2013 afferma <\/i><b><i>Pippo Calapai<\/i><\/b><i>, segretario generale della Uil-Messina \u2013 prende indubitabilmente le mosse dalla nostra nota inviata fra gli altri all\u2019assessore <\/i><b><i>Ruggero Razza<\/i><\/b><i> lo scorso 2 novembre, evidenziando per l\u2019appunto presunti profili di illegittimit\u00e0 della procedura. A tal proposito, occorre ricordare che la nostra organizzazione sindacale gi\u00e0 lo scorso mese di luglio, ancor prima della pubblicazione del bando, aveva manifestato le proprie perplessit\u00e0 al direttore generale <\/i><b><i>Angelo Aliqu\u00f2<\/i><\/b><i>. Ma le nostre richieste sono rimaste inascoltate. Adesso la nota dell\u2019Assessorato confuta i nostri dubbi sulla regolarit\u00e0 della procedura concorsuale che dovr\u00e0 essere estesa anche agli esterni mediante un concorso pubblico e non una selezione interna per la progressione di carriera<\/i>\u201d.<\/span><div id=\"videoincontent\" style=\"clear:both\";><\/div><\/p>\n","protected":false},"excerpt":{"rendered":"<p>L\u2019Assessorato regionale alla Salute con nota del 6 novembre scorso ha invitato l\u2019IRCCS-Neurolesi a disporre l\u2019immediata sospensione del bando di selezione pubblica per 4 posti di dirigente amministrativo, richiedendo al contempo la revoca in autotutela dello stesso. L\u2019Assessorato in questione ha anche rilevato che, nel caso in cui la governance dell\u2019IRCCS-Neurolesi non provvedesse alla revoca [&hellip;]<\/p>\n","protected":false},"author":2,"featured_media":8378,"comment_status":"closed","ping_status":"open","sticky":false,"template":"","format":"standard","meta":{"ub_ctt_via":"","_mi_skip_tracking":false},"categories":[6],"tags":[],"featured_image_src":"https:\/\/www.messinaoggi.it\/website\/wp-content\/uploads\/2017\/09\/calapai-uilRRP_8323-2.jpg","author_info":{"display_name":"Redazione","author_link":"https:\/\/www.messinaoggi.it\/website\/author\/redazione\/"},"digistream_id":0,"digistream":false,"_links":{"self":[{"href":"https:\/\/www.messinaoggi.it\/website\/wp-json\/wp\/v2\/posts\/26520"}],"collection":[{"href":"https:\/\/www.messinaoggi.it\/website\/wp-json\/wp\/v2\/posts"}],"about":[{"href":"https:\/\/www.messinaoggi.it\/website\/wp-json\/wp\/v2\/types\/post"}],"author":[{"embeddable":true,"href":"https:\/\/www.messinaoggi.it\/website\/wp-json\/wp\/v2\/users\/2"}],"replies":[{"embeddable":true,"href":"https:\/\/www.messinaoggi.it\/website\/wp-json\/wp\/v2\/comments?post=26520"}],"version-history":[{"count":0,"href":"https:\/\/www.messinaoggi.it\/website\/wp-json\/wp\/v2\/posts\/26520\/revisions"}],"wp:featuredmedia":[{"embeddable":true,"href":"https:\/\/www.messinaoggi.it\/website\/wp-json\/wp\/v2\/media\/8378"}],"wp:attachment":[{"href":"https:\/\/www.messinaoggi.it\/website\/wp-json\/wp\/v2\/media?parent=26520"}],"wp:term":[{"taxonomy":"category","embeddable":true,"href":"https:\/\/www.messinaoggi.it\/website\/wp-json\/wp\/v2\/categories?post=26520"},{"taxonomy":"post_tag","embeddable":true,"href":"https:\/\/www.messinaoggi.it\/website\/wp-json\/wp\/v2\/tags?post=26520"}],"curies":[{"name":"wp","href":"https:\/\/api.w.org\/{rel}","templated":true}]}}