{"id":26492,"date":"2018-11-07T19:25:43","date_gmt":"2018-11-07T18:25:43","guid":{"rendered":"http:\/\/www.messinaoggi.it\/website\/?p=26492"},"modified":"2018-11-07T19:25:43","modified_gmt":"2018-11-07T18:25:43","slug":"scontro-auto-moto-muore-un-41enne","status":"publish","type":"post","link":"https:\/\/www.messinaoggi.it\/website\/2018\/11\/07\/scontro-auto-moto-muore-un-41enne\/","title":{"rendered":"Scontro auto-moto: muore un 41enne"},"content":{"rendered":"<p style=\"text-align: justify;\">Incidente mortale questo pomeriggio sulla strada che conduce a Castanea. A perdere la vita <strong>Italo Russo Facciazza <\/strong>(<em>nella foto in basso)<\/em>, di 41 anni, per l&#8217;uomo non c&#8217;\u00e8 stato nulla da fare dopo il tremendo impatto fra la sua moto e una Fiat Panda.<div id=\"div-gpt-ad-Messinaoggi.it-DSK-300x250-corpoart\" style=\"text-align:center;margin:0 auto;\"><\/div><\/p>\n<p><img loading=\"lazy\" class=\"wp-image-26495 alignright\" src=\"http:\/\/www.messinaoggi.it\/website\/wp-content\/uploads\/2018\/11\/861202D3-2FD5-4CA4-B9AF-7E3F11942923-295x300.jpeg\" alt=\"\" width=\"181\" height=\"184\" \/><div id=\"videoincontent\" style=\"clear:both\";><\/div><\/p>\n<p style=\"text-align: justify;\">Lo scontro violentissimo s&#8217;\u00e8 verificato quasi in corrispondenza di una curva, il centauro \u00e8 andato a sbattere con la sua moto contro un muretto, poi il corpo s&#8217;\u00e8 incastrato sotto la parte posteriore della Panda.<\/p>\n<p style=\"text-align: justify;\"><img loading=\"lazy\" class=\"size-medium wp-image-26491 alignleft\" src=\"http:\/\/www.messinaoggi.it\/website\/wp-content\/uploads\/2018\/11\/F1D66F5C-3781-4C8C-B3AE-6DEAA099CA6E-300x169.jpeg\" alt=\"\" width=\"300\" height=\"169\" \/><\/p>\n<p style=\"text-align: justify;\">Nonostante il tempestivo intervento del personale del 118, avvisato da altri automobilisti di passaggio, per il 41enne non c&#8217;\u00e8 stato nulla da fare. Intervenuti anche i carabinieri della Stazione di Castanea per tentare di ricostruire la dinamica dell&#8217;incidente. Di sicuro, uno dei due mezzi che procedevano in senso contrario ha invaso la corsia di marcia opposta.<\/p>\n<p> <\/p>\n","protected":false},"excerpt":{"rendered":"<p>Incidente mortale questo pomeriggio sulla strada che conduce a Castanea. A perdere la vita Italo Russo Facciazza (nella foto in basso), di 41 anni, per l&#8217;uomo non c&#8217;\u00e8 stato nulla da fare dopo il tremendo impatto fra la sua moto e una Fiat Panda. Lo scontro violentissimo s&#8217;\u00e8 verificato quasi in corrispondenza di una curva, [&hellip;]<\/p>\n","protected":false},"author":2,"featured_media":26490,"comment_status":"closed","ping_status":"open","sticky":false,"template":"","format":"standard","meta":{"ub_ctt_via":"","_mi_skip_tracking":false},"categories":[5,19],"tags":[],"featured_image_src":"https:\/\/www.messinaoggi.it\/website\/wp-content\/uploads\/2018\/11\/7110AE3E-4B25-4390-AE42-D08AF518423B.jpeg","author_info":{"display_name":"Redazione","author_link":"https:\/\/www.messinaoggi.it\/website\/author\/redazione\/"},"digistream_id":0,"digistream":false,"_links":{"self":[{"href":"https:\/\/www.messinaoggi.it\/website\/wp-json\/wp\/v2\/posts\/26492"}],"collection":[{"href":"https:\/\/www.messinaoggi.it\/website\/wp-json\/wp\/v2\/posts"}],"about":[{"href":"https:\/\/www.messinaoggi.it\/website\/wp-json\/wp\/v2\/types\/post"}],"author":[{"embeddable":true,"href":"https:\/\/www.messinaoggi.it\/website\/wp-json\/wp\/v2\/users\/2"}],"replies":[{"embeddable":true,"href":"https:\/\/www.messinaoggi.it\/website\/wp-json\/wp\/v2\/comments?post=26492"}],"version-history":[{"count":0,"href":"https:\/\/www.messinaoggi.it\/website\/wp-json\/wp\/v2\/posts\/26492\/revisions"}],"wp:featuredmedia":[{"embeddable":true,"href":"https:\/\/www.messinaoggi.it\/website\/wp-json\/wp\/v2\/media\/26490"}],"wp:attachment":[{"href":"https:\/\/www.messinaoggi.it\/website\/wp-json\/wp\/v2\/media?parent=26492"}],"wp:term":[{"taxonomy":"category","embeddable":true,"href":"https:\/\/www.messinaoggi.it\/website\/wp-json\/wp\/v2\/categories?post=26492"},{"taxonomy":"post_tag","embeddable":true,"href":"https:\/\/www.messinaoggi.it\/website\/wp-json\/wp\/v2\/tags?post=26492"}],"curies":[{"name":"wp","href":"https:\/\/api.w.org\/{rel}","templated":true}]}}