{"id":26482,"date":"2018-11-07T15:23:42","date_gmt":"2018-11-07T14:23:42","guid":{"rendered":"http:\/\/www.messinaoggi.it\/website\/?p=26482"},"modified":"2018-11-07T15:23:42","modified_gmt":"2018-11-07T14:23:42","slug":"rassegna-internazionale-delle-competenze-ateneo-si-converte-in-unisola-di-formo-occupazione-oggi-ospite-buttafuoco","status":"publish","type":"post","link":"https:\/\/www.messinaoggi.it\/website\/2018\/11\/07\/rassegna-internazionale-delle-competenze-ateneo-si-converte-in-unisola-di-formo-occupazione-oggi-ospite-buttafuoco\/","title":{"rendered":"\u201cRassegna Internazionale delle Competenze\u201d, Ateneo si converte in un\u2019isola di &quot;Formo &#8211; Occupazione&quot;. Oggi ospite Buttafuoco"},"content":{"rendered":"<p style=\"text-align: justify\">L\u2019Ateneo di Messina si propone dal 6 all\u20198 novembre come antesignano di un nuovo modello di orientamento universitario capace di coinvolgere fattivamente i giovani al mercato del lavoro. Si tratta di un\u2019iniziativa unica nel panorama regionale, la prima edizione della \u201cRassegna Internazionale delle Competenze \u2013 International Skills Meeting\u201d, che sta\u00a0 trasformando il plesso centrale di piazza Pugliatti in un\u2019isola della Formazione, dell\u2019Orientamento e dell\u2019Occupazione, dove centinaia di studenti, laureandi, laureati, liberi professionisti, imprenditori, rappresentanti di enti profit e no profit possono ricevere informazioni, svolgere test attitudinali, fare recruitment e confrontarsi con esperti nel settore della mobilit\u00e0 europea e dell\u2019internazionalizzazione delle imprese.<div id=\"div-gpt-ad-Messinaoggi.it-DSK-300x250-corpoart\" style=\"text-align:center;margin:0 auto;\"><\/div><\/p>\n<p style=\"text-align: justify\">Identificare le competenze e le qualifiche e sostenere la mobilit\u00e0 lavorativa nazionale e internazionale e l\u2019autoimprenditorialit\u00e0 sono elementi di novit\u00e0 che puntano ad ampliare gli orizzonti dei giovani siciliani fornendo nuovi strumenti guida per formarsi e trovare pi\u00f9 facilmente un\u2019occupazione.<div id=\"videoincontent\" style=\"clear:both\";><\/div><\/p>\n<p style=\"text-align: justify\">Ventisette workshop, venti stand orientativi e informativi, sedici desk di recruitment, seminari e plenarie in cui si potranno conoscere dati, statistiche e trend sui lavori pi\u00f9 ricercati, i modelli di business e le opportunit\u00e0 di mobilit\u00e0 occupazionale e internazionalizzazione delle imprese e delle eccellenze siciliane, alla presenza dei rappresentanti di otto Camere di Commercio Italiane all\u2019Estero che contribuiranno alla creazione di un\u2019innovativa piattaforma di ricerca lavoro basata su un nuovo modello di matching tra domanda e offerta capace di aiutare i giovani siciliani nella ricerca di un\u2019occupazione anche al di fuori dei confini nazionali.<\/p>\n<p style=\"text-align: justify\"><img loading=\"lazy\" class=\"alignleft size-medium wp-image-26483\" src=\"http:\/\/www.messinaoggi.it\/website\/wp-content\/uploads\/2018\/11\/Carmelo-Lembo-associazione-Bios-messinaoggiMarcyRuggi-300x243.jpg\" alt=\"\" width=\"300\" height=\"243\" \/><strong>L\u2019iniziativa, inserita nell\u2019ambito del progetto \u201cItsTIME\u201d, \u00e8 stata organizzata dall\u2019Associazione Bios in sinergia con la rete Eurodesk Italia, l\u2019Universit\u00e0 di Messina, il Centro per l\u2019Orientamento e il Placement, l\u2019Ersu Messina e il Conservatorio \u201cArcangelo Corelli\u201d.<\/strong><\/p>\n<p style=\"text-align: justify\">Ad aprire la cerimonia inaugurale \u00e8 stato il Rettore dell\u2019Universit\u00e0 dell\u2019Universit\u00e0 degli Studi di Messina Salvatore Cuzzocrea. Oggi 7 novembre, ospiti della Rassegna Ramon Magi, coordinatore nazionale della Rete Eurodesk Italy e Stefano Buttafuoco, giornalista di Rai 1, mentre la giornata conclusiva vedr\u00e0 la presenza dell\u2019assessore regionale all\u2019Istruzione Roberto Lagalla e di Marco Montecchi, rappresentante delle Camere di Commercio Italiane all\u2019Estero Area Europa. Nuove generazioni, tecnici esperti in carriera e delegazioni di enti profit e no profit hanno potuto relazionarsi con le opportunit\u00e0 della mobilit\u00e0 internazionale che scandisce l\u2019andamento di nuove doti ed esperienze da sfruttare nel mercato del lavoro. Queste argomentazioni al centro della seconda giornata della Rassegna Internazionale, calendarizzate fino all\u20198 novembre all\u2019Ateneo di Messina.<\/p>\n<p style=\"text-align: justify\">La seduta plenaria di questa mattinata, moderata dal giornalista di Rai 1 Stefano Buttafuoco, ha visto la partecipazione di decine e decine di studenti degli istituti d\u2019istruzione superiore che hanno avuto come interlocutori i navigati del settore sull\u2019importanza della mobilit\u00e0 formativa e post-laurea per i giovani che non riescono a trovare un impiego e sulle competenze pi\u00f9 richieste dal mercato del lavoro. Durante la mattinata il protettore all\u2019Internazionalizzazione dell\u2019Universit\u00e0 di Messina Nin\u00ec German\u00e0 ha illustrato i passi in avanti compiuti negli ultimi anni nella mobilit\u00e0 in entrata e in uscita elencando i fattori significativi di un Ateneo che, non dimentico della tradizione, insegue l\u2019innovazione.<\/p>\n","protected":false},"excerpt":{"rendered":"<p>L\u2019Ateneo di Messina si propone dal 6 all\u20198 novembre come antesignano di un nuovo modello di orientamento universitario capace di coinvolgere fattivamente i giovani al mercato del lavoro. Si tratta di un\u2019iniziativa unica nel panorama regionale, la prima edizione della \u201cRassegna Internazionale delle Competenze \u2013 International Skills Meeting\u201d, che sta\u00a0 trasformando il plesso centrale di [&hellip;]<\/p>\n","protected":false},"author":7,"featured_media":26484,"comment_status":"closed","ping_status":"open","sticky":false,"template":"","format":"standard","meta":{"ub_ctt_via":"","_mi_skip_tracking":false},"categories":[5],"tags":[],"featured_image_src":"https:\/\/www.messinaoggi.it\/website\/wp-content\/uploads\/2018\/11\/Rassegna-internazionale-competenze-Universita-messinaoggiMarcyRuggi.jpg","author_info":{"display_name":"Redazione1","author_link":"https:\/\/www.messinaoggi.it\/website\/author\/redazione1\/"},"digistream_id":0,"digistream":false,"_links":{"self":[{"href":"https:\/\/www.messinaoggi.it\/website\/wp-json\/wp\/v2\/posts\/26482"}],"collection":[{"href":"https:\/\/www.messinaoggi.it\/website\/wp-json\/wp\/v2\/posts"}],"about":[{"href":"https:\/\/www.messinaoggi.it\/website\/wp-json\/wp\/v2\/types\/post"}],"author":[{"embeddable":true,"href":"https:\/\/www.messinaoggi.it\/website\/wp-json\/wp\/v2\/users\/7"}],"replies":[{"embeddable":true,"href":"https:\/\/www.messinaoggi.it\/website\/wp-json\/wp\/v2\/comments?post=26482"}],"version-history":[{"count":0,"href":"https:\/\/www.messinaoggi.it\/website\/wp-json\/wp\/v2\/posts\/26482\/revisions"}],"wp:featuredmedia":[{"embeddable":true,"href":"https:\/\/www.messinaoggi.it\/website\/wp-json\/wp\/v2\/media\/26484"}],"wp:attachment":[{"href":"https:\/\/www.messinaoggi.it\/website\/wp-json\/wp\/v2\/media?parent=26482"}],"wp:term":[{"taxonomy":"category","embeddable":true,"href":"https:\/\/www.messinaoggi.it\/website\/wp-json\/wp\/v2\/categories?post=26482"},{"taxonomy":"post_tag","embeddable":true,"href":"https:\/\/www.messinaoggi.it\/website\/wp-json\/wp\/v2\/tags?post=26482"}],"curies":[{"name":"wp","href":"https:\/\/api.w.org\/{rel}","templated":true}]}}