{"id":26462,"date":"2018-11-07T09:45:08","date_gmt":"2018-11-07T08:45:08","guid":{"rendered":"http:\/\/www.messinaoggi.it\/website\/?p=26462"},"modified":"2018-11-07T09:45:08","modified_gmt":"2018-11-07T08:45:08","slug":"emergenza-spazzatura-quando-cadono-le-prime-teste","status":"publish","type":"post","link":"https:\/\/www.messinaoggi.it\/website\/2018\/11\/07\/emergenza-spazzatura-quando-cadono-le-prime-teste\/","title":{"rendered":"Emergenza spazzatura: quando cadono le prime teste?"},"content":{"rendered":"<p style=\"text-align: justify;\">Non sono in grado di garantire la raccolta ordinaria e pone come obiettivo la differenziata al 65% entro luglio 2019.<div id=\"div-gpt-ad-Messinaoggi.it-DSK-300x250-corpoart\" style=\"text-align:center;margin:0 auto;\"><\/div><\/p>\n<p style=\"text-align: justify;\">Il sindaco Cateno De Luca, durante il tavolo per il \u201cSalva Messina\u201d, ha posto la questione ai lavoratori della MessinaServizi, promettendo addirittura degli incentivi.<div id=\"videoincontent\" style=\"clear:both\";><\/div><\/p>\n<p style=\"text-align: justify;\">Una proposta che fa storcere il naso ai cittadini costretti a dimenarsi fra sacchetti di spazzatura sparsi ovunque e suppellettili giacenti ai margini della strada per incivilt\u00e0 dei cittadini e mancato ritiro da parte della MessinaServizi.<\/p>\n<p style=\"text-align: justify;\">Tutto questo mentre scatta l\u2019aut-aut del primo cittadino che vuole la citt\u00e0 pulita entro venerd\u00ec. Senza chiedersi per\u00f2 se qualcuno abbia sbagliato, magari redarguendo (in casi del genere si tagliano le teste), i vertici della Partecipata.<\/p>\n<p style=\"text-align: justify;\">Nulla di tutto questo. Cateno De Luca il sindaco lo sa fare, recitava lo slogan con il quale ha persuaso i messinesi a votarlo, ma alla prova pratica sta dimostrando che non solo non sa fare il sindaco ma continua a prendersi gioco della pazienza dei messinesi.<\/p>\n<p style=\"text-align: justify;\">Anche oggi un bollettino di guerra con segnalazioni che giungono da diverse parti della citt\u00e0. A piazza San Vincenzo i cassonetti sono traboccanti, non si vedono mezzi per la raccolta da quattro giorni. \u201cPoi sabato ci chiedono di non buttare la spazzatura\u201d, commenta amaramente un cittadino su Fb.<\/p>\n","protected":false},"excerpt":{"rendered":"<p>Non sono in grado di garantire la raccolta ordinaria e pone come obiettivo la differenziata al 65% entro luglio 2019. Il sindaco Cateno De Luca, durante il tavolo per il \u201cSalva Messina\u201d, ha posto la questione ai lavoratori della MessinaServizi, promettendo addirittura degli incentivi. Una proposta che fa storcere il naso ai cittadini costretti a [&hellip;]<\/p>\n","protected":false},"author":2,"featured_media":26433,"comment_status":"closed","ping_status":"open","sticky":false,"template":"","format":"standard","meta":{"ub_ctt_via":"","_mi_skip_tracking":false},"categories":[6],"tags":[],"featured_image_src":"https:\/\/www.messinaoggi.it\/website\/wp-content\/uploads\/2018\/11\/45643524_2446107252323539_5609390587527561216_n.jpg","author_info":{"display_name":"Redazione","author_link":"https:\/\/www.messinaoggi.it\/website\/author\/redazione\/"},"digistream_id":0,"digistream":false,"_links":{"self":[{"href":"https:\/\/www.messinaoggi.it\/website\/wp-json\/wp\/v2\/posts\/26462"}],"collection":[{"href":"https:\/\/www.messinaoggi.it\/website\/wp-json\/wp\/v2\/posts"}],"about":[{"href":"https:\/\/www.messinaoggi.it\/website\/wp-json\/wp\/v2\/types\/post"}],"author":[{"embeddable":true,"href":"https:\/\/www.messinaoggi.it\/website\/wp-json\/wp\/v2\/users\/2"}],"replies":[{"embeddable":true,"href":"https:\/\/www.messinaoggi.it\/website\/wp-json\/wp\/v2\/comments?post=26462"}],"version-history":[{"count":0,"href":"https:\/\/www.messinaoggi.it\/website\/wp-json\/wp\/v2\/posts\/26462\/revisions"}],"wp:featuredmedia":[{"embeddable":true,"href":"https:\/\/www.messinaoggi.it\/website\/wp-json\/wp\/v2\/media\/26433"}],"wp:attachment":[{"href":"https:\/\/www.messinaoggi.it\/website\/wp-json\/wp\/v2\/media?parent=26462"}],"wp:term":[{"taxonomy":"category","embeddable":true,"href":"https:\/\/www.messinaoggi.it\/website\/wp-json\/wp\/v2\/categories?post=26462"},{"taxonomy":"post_tag","embeddable":true,"href":"https:\/\/www.messinaoggi.it\/website\/wp-json\/wp\/v2\/tags?post=26462"}],"curies":[{"name":"wp","href":"https:\/\/api.w.org\/{rel}","templated":true}]}}