{"id":26457,"date":"2018-11-07T09:27:41","date_gmt":"2018-11-07T08:27:41","guid":{"rendered":"http:\/\/www.messinaoggi.it\/website\/?p=26457"},"modified":"2018-11-07T09:27:41","modified_gmt":"2018-11-07T08:27:41","slug":"citta-al-buio-dopo-la-spazzatura-ecco-la-nuova-emergenza","status":"publish","type":"post","link":"https:\/\/www.messinaoggi.it\/website\/2018\/11\/07\/citta-al-buio-dopo-la-spazzatura-ecco-la-nuova-emergenza\/","title":{"rendered":"Citt\u00e0 al buio, dopo la spazzatura ecco la nuova emergenza"},"content":{"rendered":"<p style=\"text-align: justify;\">Dal centro alle periferie la musica non cambia. Manca la luce in mezza citt\u00e0, al calar della sera alcune zone diventano un bronx. Cosa stia succedendo lo sanno, con molta probabilit\u00e0 a Palazzo Zanca, i cittadini sanno solo che la sera \u00e8 meglio non uscire di casa per evitare problemi.<div id=\"div-gpt-ad-Messinaoggi.it-DSK-300x250-corpoart\" style=\"text-align:center;margin:0 auto;\"><\/div><\/p>\n<p style=\"text-align: justify;\">La nuova emergenza targata De Luca, dopo quella della spazzatura, riguarda la pubblica illuminazione. Non si tratta di alcune lampadine fulminate, ma di qualcosa di pi\u00f9 serio. Palazzo Zanca si trova costretto a dover fronteggiare una nuova emergenza. La foto di copertina \u00e8 stata scattata ieri sera, intorno alle 18, in via Degli Amici, una perpendicolare della Tommaso Cannizzaro. Come si pu\u00f2 vedere la zona \u00e8 completamente priva di pubblica illuminazione, solo le insegne dei negozi squarciano un autentico buio pesto. Non siamo nelle estreme periferie dimenticate della citt\u00e0, ma in pieno centro.<div id=\"videoincontent\" style=\"clear:both\";><\/div><\/p>\n<p><img loading=\"lazy\" class=\"size-medium wp-image-26460 alignleft\" src=\"http:\/\/www.messinaoggi.it\/website\/wp-content\/uploads\/2018\/11\/6E760C7B-90F2-4AE7-ABD7-3E5C3CD02DB7-300x225.jpeg\" alt=\"\" width=\"300\" height=\"225\" \/><\/p>\n<p style=\"text-align: justify;\">Analogo problema in via Tommaso Cannizzaro e spostandoci verso il centro nelle vie Giordano Bruno, Maddalena ed Ettore Lombardo Pellegrino. Su viale Giostra, la parte a valle e monte di via Garibaldi lo scenario \u00e8 analogo. Con l\u2019aggravante che la strada al buio diventa un potenziale killer per gli automobilisti poco disciplinati. Problemi vengono segnalati anche all\u2019Annunziata, in via Brasile e sul viale della Libert\u00e0 per rimanere nella zona Nord. A Sud c\u2019\u00e8 carenza di luce sulla statale a Contesse e Minissale. Insomma, \u00e8 un bollettino di guerra.<\/p>\n<p style=\"text-align: justify;\">Ma De Luca il sindaco non lo sapeva fare?<\/p>\n","protected":false},"excerpt":{"rendered":"<p>Dal centro alle periferie la musica non cambia. Manca la luce in mezza citt\u00e0, al calar della sera alcune zone diventano un bronx. Cosa stia succedendo lo sanno, con molta probabilit\u00e0 a Palazzo Zanca, i cittadini sanno solo che la sera \u00e8 meglio non uscire di casa per evitare problemi. La nuova emergenza targata De [&hellip;]<\/p>\n","protected":false},"author":2,"featured_media":26459,"comment_status":"closed","ping_status":"open","sticky":false,"template":"","format":"standard","meta":{"ub_ctt_via":"","_mi_skip_tracking":false},"categories":[6],"tags":[],"featured_image_src":"https:\/\/www.messinaoggi.it\/website\/wp-content\/uploads\/2018\/11\/9A3F8807-F93F-4979-8809-A4FCF7D8B4E7.jpeg","author_info":{"display_name":"Redazione","author_link":"https:\/\/www.messinaoggi.it\/website\/author\/redazione\/"},"digistream_id":0,"digistream":false,"_links":{"self":[{"href":"https:\/\/www.messinaoggi.it\/website\/wp-json\/wp\/v2\/posts\/26457"}],"collection":[{"href":"https:\/\/www.messinaoggi.it\/website\/wp-json\/wp\/v2\/posts"}],"about":[{"href":"https:\/\/www.messinaoggi.it\/website\/wp-json\/wp\/v2\/types\/post"}],"author":[{"embeddable":true,"href":"https:\/\/www.messinaoggi.it\/website\/wp-json\/wp\/v2\/users\/2"}],"replies":[{"embeddable":true,"href":"https:\/\/www.messinaoggi.it\/website\/wp-json\/wp\/v2\/comments?post=26457"}],"version-history":[{"count":0,"href":"https:\/\/www.messinaoggi.it\/website\/wp-json\/wp\/v2\/posts\/26457\/revisions"}],"wp:featuredmedia":[{"embeddable":true,"href":"https:\/\/www.messinaoggi.it\/website\/wp-json\/wp\/v2\/media\/26459"}],"wp:attachment":[{"href":"https:\/\/www.messinaoggi.it\/website\/wp-json\/wp\/v2\/media?parent=26457"}],"wp:term":[{"taxonomy":"category","embeddable":true,"href":"https:\/\/www.messinaoggi.it\/website\/wp-json\/wp\/v2\/categories?post=26457"},{"taxonomy":"post_tag","embeddable":true,"href":"https:\/\/www.messinaoggi.it\/website\/wp-json\/wp\/v2\/tags?post=26457"}],"curies":[{"name":"wp","href":"https:\/\/api.w.org\/{rel}","templated":true}]}}