{"id":26452,"date":"2018-11-07T09:04:40","date_gmt":"2018-11-07T08:04:40","guid":{"rendered":"http:\/\/www.messinaoggi.it\/website\/?p=26452"},"modified":"2018-11-07T09:04:40","modified_gmt":"2018-11-07T08:04:40","slug":"buio-pesto-nella-v-circoscrizione-laimo-intervenire-subito","status":"publish","type":"post","link":"https:\/\/www.messinaoggi.it\/website\/2018\/11\/07\/buio-pesto-nella-v-circoscrizione-laimo-intervenire-subito\/","title":{"rendered":"Buio pesto nella V Circoscrizione, Laimo: &quot;Intervenire subito&quot;"},"content":{"rendered":"<p>\u201c<span style=\"font-family: Arial, sans-serif\"><em>Sono stato contattato da tantissimi cittadini residenti in diverse zone, i quali lamentano tra l&#8217;altro i rischi per la propria sicurezza<\/em>&#8220;, cos\u00ec il consigliere circoscrizionale Franco Laimo in riferimento alla situazione di buio pesto nella quale versa buona parte del territorio della V Circoscrizione. Lo scatto inviatoci da Laimo in tal senso \u00e8 a dir poco eloquente: quello che sembra un cielo notturno costellato da qualche stella \u00e8 in realt\u00e0 l&#8217;attuale condizione in cui versa la contrada Sorba ubicata all&#8217;Annunziata alta.<\/span><br \/>\n<span style=\"font-family: Arial, sans-serif\">&#8220;<em>Da giostra alle contrade dell&#8217;Annunziata alta, come Sorba e Catanese,<\/em> &#8211; prosegue il consigliere circoscrizionale &#8211; <em>vi \u00e8 il buio pi\u00f9 totale.\u00a0<\/em><\/span><em><span style=\"font-family: Arial, sans-serif\">Diverse le segnalazioni effettuate dalla sede della Circoscrizione al Dipartimento di Pubblica illuminazione, ma purtroppo siamo ancora in fase di stallo.<\/span><\/em><br \/>\n<span style=\"font-family: Arial, sans-serif\">&#8220;<em>La gente teme di uscire dalle proprie abitazioni per la propria sicurezza, considerato tra l&#8217;altro che con il cambio dell&#8217;ora gi\u00e0 alle 17 \u00e8 buio. In tal senso, chiedo<\/em><\/span><span style=\"font-family: Arial, sans-serif\"><em>\u00a0interventi risolutivi nel pi\u00f9 breve tempo possibile per la salvaguardia della pubblica e privata incolumit\u00e0<\/em>&#8220;.<\/span><div id=\"div-gpt-ad-Messinaoggi.it-DSK-300x250-corpoart\" style=\"text-align:center;margin:0 auto;\"><\/div><\/p>\n<div id=\"videoincontent\" style=\"clear:both\";><\/div>","protected":false},"excerpt":{"rendered":"<p>\u201cSono stato contattato da tantissimi cittadini residenti in diverse zone, i quali lamentano tra l&#8217;altro i rischi per la propria sicurezza&#8220;, cos\u00ec il consigliere circoscrizionale Franco Laimo in riferimento alla situazione di buio pesto nella quale versa buona parte del territorio della V Circoscrizione. Lo scatto inviatoci da Laimo in tal senso \u00e8 a dir [&hellip;]<\/p>\n","protected":false},"author":8,"featured_media":26453,"comment_status":"closed","ping_status":"open","sticky":false,"template":"","format":"standard","meta":{"ub_ctt_via":"","_mi_skip_tracking":false},"categories":[5],"tags":[],"featured_image_src":"https:\/\/www.messinaoggi.it\/website\/wp-content\/uploads\/2018\/11\/Contrada-Sorba-SS-Annunziata-al-buio.jpg","author_info":{"display_name":"red..me","author_link":"https:\/\/www.messinaoggi.it\/website\/author\/redstage\/"},"digistream_id":0,"digistream":false,"_links":{"self":[{"href":"https:\/\/www.messinaoggi.it\/website\/wp-json\/wp\/v2\/posts\/26452"}],"collection":[{"href":"https:\/\/www.messinaoggi.it\/website\/wp-json\/wp\/v2\/posts"}],"about":[{"href":"https:\/\/www.messinaoggi.it\/website\/wp-json\/wp\/v2\/types\/post"}],"author":[{"embeddable":true,"href":"https:\/\/www.messinaoggi.it\/website\/wp-json\/wp\/v2\/users\/8"}],"replies":[{"embeddable":true,"href":"https:\/\/www.messinaoggi.it\/website\/wp-json\/wp\/v2\/comments?post=26452"}],"version-history":[{"count":0,"href":"https:\/\/www.messinaoggi.it\/website\/wp-json\/wp\/v2\/posts\/26452\/revisions"}],"wp:featuredmedia":[{"embeddable":true,"href":"https:\/\/www.messinaoggi.it\/website\/wp-json\/wp\/v2\/media\/26453"}],"wp:attachment":[{"href":"https:\/\/www.messinaoggi.it\/website\/wp-json\/wp\/v2\/media?parent=26452"}],"wp:term":[{"taxonomy":"category","embeddable":true,"href":"https:\/\/www.messinaoggi.it\/website\/wp-json\/wp\/v2\/categories?post=26452"},{"taxonomy":"post_tag","embeddable":true,"href":"https:\/\/www.messinaoggi.it\/website\/wp-json\/wp\/v2\/tags?post=26452"}],"curies":[{"name":"wp","href":"https:\/\/api.w.org\/{rel}","templated":true}]}}