{"id":26428,"date":"2018-11-06T14:38:49","date_gmt":"2018-11-06T13:38:49","guid":{"rendered":"http:\/\/www.messinaoggi.it\/website\/?p=26428"},"modified":"2018-11-06T14:38:49","modified_gmt":"2018-11-06T13:38:49","slug":"panico-sul-volo-reggio-roma-a-bordo-cera-anche-lon-germana","status":"publish","type":"post","link":"https:\/\/www.messinaoggi.it\/website\/2018\/11\/06\/panico-sul-volo-reggio-roma-a-bordo-cera-anche-lon-germana\/","title":{"rendered":"Panico sul volo Reggio-Roma: a bordo c&#039;era anche l&#039;on. German\u00e0"},"content":{"rendered":"<p>Momenti di paura si sono vissuti questa mattina sul volo Alitalia in partenza da Reggio Calabria e diretto a Roma, delle ore 12. Dopo circa 20&#8242; dal decollo, il comandante ha comunicato ai passeggeri che l&#8217;aereo sarebbe rientrato all&#8217;aeroporto di Reggio Calabria a causa di un&#8217;avaria al sistema di pressurizzazione del vettore.<br \/>\nAlla comunicazione del comandante, sono seguite scene di panico fra i passeggeri. Fra di essi vi era anche il deputato messinese Nino German\u00e0. &#8220;Ci siamo presi un grande spavento &#8211; afferma il deputato di Forza Italia &#8211; ringraziamo Dio perch\u00e9 siamo rientrati in aeroporto. Adesso \u00e8 tutto ok&#8221;.<div id=\"div-gpt-ad-Messinaoggi.it-DSK-300x250-corpoart\" style=\"text-align:center;margin:0 auto;\"><\/div><\/p>\n<div id=\"videoincontent\" style=\"clear:both\";><\/div>","protected":false},"excerpt":{"rendered":"<p>Momenti di paura si sono vissuti questa mattina sul volo Alitalia in partenza da Reggio Calabria e diretto a Roma, delle ore 12. Dopo circa 20&#8242; dal decollo, il comandante ha comunicato ai passeggeri che l&#8217;aereo sarebbe rientrato all&#8217;aeroporto di Reggio Calabria a causa di un&#8217;avaria al sistema di pressurizzazione del vettore. Alla comunicazione del [&hellip;]<\/p>\n","protected":false},"author":2,"featured_media":2155,"comment_status":"closed","ping_status":"open","sticky":false,"template":"","format":"standard","meta":{"ub_ctt_via":"","_mi_skip_tracking":false},"categories":[6],"tags":[],"featured_image_src":"https:\/\/www.messinaoggi.it\/website\/wp-content\/uploads\/2017\/06\/aeroporto-reggio-calabria-2.jpg","author_info":{"display_name":"Redazione","author_link":"https:\/\/www.messinaoggi.it\/website\/author\/redazione\/"},"digistream_id":0,"digistream":false,"_links":{"self":[{"href":"https:\/\/www.messinaoggi.it\/website\/wp-json\/wp\/v2\/posts\/26428"}],"collection":[{"href":"https:\/\/www.messinaoggi.it\/website\/wp-json\/wp\/v2\/posts"}],"about":[{"href":"https:\/\/www.messinaoggi.it\/website\/wp-json\/wp\/v2\/types\/post"}],"author":[{"embeddable":true,"href":"https:\/\/www.messinaoggi.it\/website\/wp-json\/wp\/v2\/users\/2"}],"replies":[{"embeddable":true,"href":"https:\/\/www.messinaoggi.it\/website\/wp-json\/wp\/v2\/comments?post=26428"}],"version-history":[{"count":0,"href":"https:\/\/www.messinaoggi.it\/website\/wp-json\/wp\/v2\/posts\/26428\/revisions"}],"wp:featuredmedia":[{"embeddable":true,"href":"https:\/\/www.messinaoggi.it\/website\/wp-json\/wp\/v2\/media\/2155"}],"wp:attachment":[{"href":"https:\/\/www.messinaoggi.it\/website\/wp-json\/wp\/v2\/media?parent=26428"}],"wp:term":[{"taxonomy":"category","embeddable":true,"href":"https:\/\/www.messinaoggi.it\/website\/wp-json\/wp\/v2\/categories?post=26428"},{"taxonomy":"post_tag","embeddable":true,"href":"https:\/\/www.messinaoggi.it\/website\/wp-json\/wp\/v2\/tags?post=26428"}],"curies":[{"name":"wp","href":"https:\/\/api.w.org\/{rel}","templated":true}]}}