{"id":26422,"date":"2018-11-06T14:15:51","date_gmt":"2018-11-06T13:15:51","guid":{"rendered":"http:\/\/www.messinaoggi.it\/website\/?p=26422"},"modified":"2018-11-06T14:15:51","modified_gmt":"2018-11-06T13:15:51","slug":"unime-inaugurata-la-prima-edizione-dellinternational-skills-meeting","status":"publish","type":"post","link":"https:\/\/www.messinaoggi.it\/website\/2018\/11\/06\/unime-inaugurata-la-prima-edizione-dellinternational-skills-meeting\/","title":{"rendered":"Unime, inaugurata la prima edizione dell&#039;International Skills Meeting"},"content":{"rendered":"<p>\u201c<span style=\"font-family: Arial, sans-serif\"><span style=\"font-size: medium\"><em>L&#8217;iniziativa punta ad aprire le porte dell\u2019universit\u00e0 ai giovani, per aiutarli a comprendere quali sono le competenze richieste dal mondo del lavoro, e far s\u00ec che gli studenti siciliani e calabresi vedano in questo ateneo un punto di riferimento per studiare e formarsi<\/em>\u201d. E&#8217; quanto ha affermato stamani in un&#8217;aula magna gremita il Rettore dell&#8217;Universit\u00e0 di Messina, Salvatore Cuzzocrea, dando cos\u00ec definitivamente avvio alla prima edizione della Rassegna Internazionale delle Competenze (International Skills Meeting), la manifestazione dedicata alla formazione, orientamento e recruitment organizzata dall\u2019Associazione Bios, il Centro Orientamento e Placement dell\u2019Universit\u00e0 di Messina, l\u2019Ente Regionale per il Diritto allo Studio Universitario di Messina, il Conservatorio \u201cA. Corelli\u201d ed il Centro Eurodesk Messina.<\/span><\/span><br \/>\n<a href=\"http:\/\/www.messinaoggi.it\/website\/wp-content\/uploads\/2018\/11\/unime-ism-2018-1.jpg\"><img loading=\"lazy\" class=\"alignnone size-full wp-image-26423\" src=\"http:\/\/www.messinaoggi.it\/website\/wp-content\/uploads\/2018\/11\/unime-ism-2018-1.jpg\" alt=\"\" width=\"2768\" height=\"1560\" \/><\/a><br \/>\n<span style=\"font-family: Arial, sans-serif\"><span style=\"font-size: medium\">La manifestazione, che per tre giorni vedr\u00e0 il plesso centrale dell\u2019Universit\u00e0 trasformarsi in un\u2019isola della Formazione, dell\u2019Orientamento e dell\u2019Occupazione, si articola in una parte espositiva dedicata all\u2019orientamento universitario, con gli stand dei Dipartimenti e delle strutture che erogano servizi agli studenti ed ai laureati; un\u2019area riservata al recruitment; ed una serie di appuntamenti riservati alla formazione attraverso seminari e workshop tenuti da docenti universitari, professionisti ed organizzazioni nazionali ed internazionali finalizzati a conoscere dati, statistiche e trend sui lavori pi\u00f9 ricercati, i modelli di business e le opportunit\u00e0 di mobilit\u00e0 occupazionale e internazionalizzazione delle imprese, oltre che allo sviluppo di competenze specifiche.<\/span><\/span><br \/>\n<span style=\"font-family: Arial, sans-serif\"><span style=\"font-size: medium\">A portare i saluti dell\u2019amministrazione comunale nell&#8217;ambito della cerimonia augurale l\u2019Assessore ai Rapporti con le istituzioni europee, Carlotta Previti, che ha affermato: \u201c<em>Rappresento un\u2019amministrazione che crede in maniera particolare alle competenze, e che intende camminare fianco a fianco all\u2019universit\u00e0 nel costruire progetti di innovazione e sviluppo<\/em>\u201d.<\/span><\/span><br \/>\n<span style=\"font-family: Arial, sans-serif\"><span style=\"font-size: medium\">E&#8217; stata poi la volta della Presidente del COP, professoressa Roberta Salomone, che ha dichiarato: \u201c<em>Sono lieta di vedere cos\u00ec tanti giovani presenti, perch\u00e9 \u00e8 per voi che abbiamo pensato questo evento. Una rassegna dal carattere multidisciplinare ed internazionale, che possa fornire ad ogni singolo partecipante gli strumenti necessari per sviluppare, e potenziare, competenze utili alla formazione e ad futuro lavorativo di successo. Il Centro Orientamento e Placement, in questo senso, offre una serie di servizi che accompagnano i nostri ragazzi dalla scelta del loro percorso universitario, alla costruzione delle loro competenze, fino all\u2019ingresso nel mondo del lavoro<\/em>\u201d.<\/span><\/span><br \/>\n<span style=\"font-family: Arial, sans-serif\"><span style=\"font-size: medium\">Tra gli altri partner del progetto, l\u2019ERSU, che si prefigge di migliorare e potenziare i servizi erogati agli studenti, come le residenze universitarie e le borse di studio, in modo da rendere sempre pi\u00f9 competitiva l\u2019offerta del nostro ateneo: \u201c<em>L\u2019internazionalizzazione \u00e8 un punto chiave del processo di costruzione delle competenze, su cui abbiamo deciso di puntare in maniera prioritaria<\/em>\u201d, ha confermato il commissario straordinario dell\u2019ERSU di Messina, Carmen Lo Cascio; il Conservatorio Arcangelo Corelli, come ha ribadito il direttore Ministeri, insieme all\u2019universit\u00e0 rappresenta un\u2019ulteriore possibilit\u00e0 di formazione, che mai come\u00a0oggi\u00a0si sta aprendo ad una nuova dimensione internazionale.<\/span><\/span><br \/>\n<span style=\"font-family: Arial, sans-serif\"><span style=\"font-size: medium\">L\u2019ISM2018 si inserisce nell\u2019ambito del progetto \u201cItsTIME\u201d promosso dell\u2019Associazione Bios, che mira, anche attraverso la collaborazione con l\u2019Universit\u00e0 di Messina ed una decina di Camere di Commercio Italiane all\u2019Estero, ad attivare una piattaforma digitale di ricerca lavoro basata su un nuovo modello di matching tra domanda e offerta. La rassegna rester\u00e0 aperta fino all\u20198 novembre, dalle 9.30 alle 17.30, e si alterner\u00e0 tra 3 Plenarie, 6 seminari, 27 workshop, 20 desk orientativi ed informativi, 16 desk di recruitment, e due concerti nell\u2019Aula Magna dell\u2019Rettorato: alle 21 di stasera, la \u201cSax Ensamble\u201d diretto dal Maestro Gianfranco Brundo, mentre gioved\u00ec 8 novembre, l\u2019 \u201cOpale Accordion Quartet\u201d, quartetto di fisarmoniche, diretto dal Maestro Ivano Biscardi.<\/span><\/span><div id=\"div-gpt-ad-Messinaoggi.it-DSK-300x250-corpoart\" style=\"text-align:center;margin:0 auto;\"><\/div><\/p>\n<div id=\"videoincontent\" style=\"clear:both\";><\/div>","protected":false},"excerpt":{"rendered":"<p>\u201cL&#8217;iniziativa punta ad aprire le porte dell\u2019universit\u00e0 ai giovani, per aiutarli a comprendere quali sono le competenze richieste dal mondo del lavoro, e far s\u00ec che gli studenti siciliani e calabresi vedano in questo ateneo un punto di riferimento per studiare e formarsi\u201d. E&#8217; quanto ha affermato stamani in un&#8217;aula magna gremita il Rettore dell&#8217;Universit\u00e0 [&hellip;]<\/p>\n","protected":false},"author":8,"featured_media":26424,"comment_status":"closed","ping_status":"open","sticky":false,"template":"","format":"standard","meta":{"ub_ctt_via":"","_mi_skip_tracking":false},"categories":[7],"tags":[],"featured_image_src":"https:\/\/www.messinaoggi.it\/website\/wp-content\/uploads\/2018\/11\/unime-ism-2018-2.jpg","author_info":{"display_name":"red..me","author_link":"https:\/\/www.messinaoggi.it\/website\/author\/redstage\/"},"digistream_id":0,"digistream":false,"_links":{"self":[{"href":"https:\/\/www.messinaoggi.it\/website\/wp-json\/wp\/v2\/posts\/26422"}],"collection":[{"href":"https:\/\/www.messinaoggi.it\/website\/wp-json\/wp\/v2\/posts"}],"about":[{"href":"https:\/\/www.messinaoggi.it\/website\/wp-json\/wp\/v2\/types\/post"}],"author":[{"embeddable":true,"href":"https:\/\/www.messinaoggi.it\/website\/wp-json\/wp\/v2\/users\/8"}],"replies":[{"embeddable":true,"href":"https:\/\/www.messinaoggi.it\/website\/wp-json\/wp\/v2\/comments?post=26422"}],"version-history":[{"count":0,"href":"https:\/\/www.messinaoggi.it\/website\/wp-json\/wp\/v2\/posts\/26422\/revisions"}],"wp:featuredmedia":[{"embeddable":true,"href":"https:\/\/www.messinaoggi.it\/website\/wp-json\/wp\/v2\/media\/26424"}],"wp:attachment":[{"href":"https:\/\/www.messinaoggi.it\/website\/wp-json\/wp\/v2\/media?parent=26422"}],"wp:term":[{"taxonomy":"category","embeddable":true,"href":"https:\/\/www.messinaoggi.it\/website\/wp-json\/wp\/v2\/categories?post=26422"},{"taxonomy":"post_tag","embeddable":true,"href":"https:\/\/www.messinaoggi.it\/website\/wp-json\/wp\/v2\/tags?post=26422"}],"curies":[{"name":"wp","href":"https:\/\/api.w.org\/{rel}","templated":true}]}}