{"id":263814,"date":"2026-03-24T16:08:31","date_gmt":"2026-03-24T15:08:31","guid":{"rendered":"https:\/\/www.messinaoggi.it\/website\/2026\/03\/24\/unione-industriali-torino-gay-filiere-forti-ora-spingere-sugli-investimenti\/"},"modified":"2026-03-24T16:08:31","modified_gmt":"2026-03-24T15:08:31","slug":"unione-industriali-torino-gay-filiere-forti-ora-spingere-sugli-investimenti","status":"publish","type":"post","link":"https:\/\/www.messinaoggi.it\/website\/2026\/03\/24\/unione-industriali-torino-gay-filiere-forti-ora-spingere-sugli-investimenti\/","title":{"rendered":"Unione Industriali Torino, Gay \u201cFiliere forti, ora spingere sugli investimenti\u201d"},"content":{"rendered":"<div>MILANO (ITALPRESS) &#8211; &#8220;I numeri ci restituiscono un territorio che non ha bisogno di dimostrare di saper fare industria e saper produrre. E&#8217; un bel punto di partenza. Si nota purtroppo un rallentamento in settori come l&#8217;innovazione e il mondo dell&#8217;ICT, mentre altri ambiti come il turismo crescono. Ma il trend degli investimenti deve essere corroborato e spinto, perch\u00e8 siamo un territorio con una grandissima vocazione all&#8217;internazionalizzazione&#8221;. Cos\u00ec Marco Gay, presidente dell&#8217;Unione Industriali Torino, in un&#8217;intervista a Claudio Brachino per la rubrica Primo Piano dell&#8217;agenzia Italpress, parla del Rapporto industria e servizi organizzati 2026, realizzato in collaborazione con Camera di commercio di Torino e Centro di Ricerca e documentazione Luigi Einaudi.<br \/>&#8220;Il territorio non \u00e8 &#8220;mono-prodotto&#8221;. Torino e il Piemonte hanno la meccanica, la meccatronica, l&#8217;aerospazio che cresce con numeri vorticosi, la moda, la gioielleria, l&#8217;ICT e la chimica. Il territorio dimostra di avere filiere forti, protagoniste a livello nazionale e internazionale. Questo rapporto ci d\u00e0 la leva per dire chiaramente che vogliamo essere un territorio industriale in un Paese e in un&#8217;Europa industriale. Bisogna agire perch\u00e8 questo \u00e8 il momento del cambiamento&#8221;, aggiunge.<br \/>Parlando di innovazione, Gay ricorda il memorandum sull&#8217;Intelligenza Artificiale e l&#8217;importanza della formazione. &#8220;Le imprese hanno bisogno di innovazione, sicuramente di intelligenza artificiale; quindi, \u00e8 necessaria una collaborazione che permetta il trasferimento tecnologico applicato da parte di AI4Industry, il centro nazionale per l&#8217;intelligenza artificiale con il mondo dell&#8217;industria. Quasi due anni fa &#8211; prosegue &#8211; abbiamo parlato di &#8216;intelligenza industrial\u00e8: persone, industrie, competenze e atenei. Mettere in contatto domanda e offerta sedendosi attorno a un tavolo per vedere bisogni e applicazioni \u00e8 il modo pi\u00f9 efficace per capire come l&#8217;IA porti valore aggiunto senza andare a discapito di cittadini e lavoratori&#8221;.<br \/>Un altro tema caldo \u00e8 quello delle difficolt\u00e0, in alcuni settori, nell&#8217;incontro tra domanda e offerta di lavoro: &#8220;Siamo costantemente impegnati nel rapporto con gli ITS per avere consapevolezza della domanda dell&#8217;industria, poich\u00e8 il mismatch sta diventando enorme: parliamo di quasi il 50% di addetti che non vengono trovati &#8211; sottolinea Gay -. Cambia la necessit\u00e0 di competenza ed \u00e8 per questo che lavoriamo costantemente con istituti tecnici, universit\u00e0, accademie regionali insieme alle Academy aziendali. Il nostro dovere \u00e8 riportare le necessit\u00e0 delle aziende agli enti formativi e metterci intorno a un tavolo per capire ci\u00f2 che serve, perch\u00e8 questa rivoluzione industriale non segue i tempi dei normali cicli accademici&#8221;.<br \/>Poi la transizione ecologica. &#8220;Abbiamo bisogno di un&#8217;energia che ci permetta di competere e produrre. Le dinamiche dell&#8217;industria tecnologica, dei data center e non solo pi\u00f9 dell&#8217;industria tradizionale dei cosiddetti energivori hanno un impatto incredibile e ci\u00f2 significa competitivit\u00e0 &#8211; spiega il presidente di Unione Industriali Torino -. Bisogna garantire la neutralit\u00e0 tecnologica con obiettivi chiari, cos\u00ec le imprese possono competere e raggiungere tali obiettivi. La sostenibilit\u00e0 non \u00e8 in discussione, ma deve essere raggiunta permettendo alle aziende di fare al meglio il loro lavoro&#8221;.<br \/>Infine, i 120 anni dell&#8217;Unione Industriali Torino, citt\u00e0 che &#8220;\u00e8 stata il primo territorio in Italia a mettere insieme la rappresentanza degli interessi industriali. Nel 1906 le motivazioni erano differenti, ma il solco \u00e8 lo stesso: l&#8217;industria \u00e8 cultura e societ\u00e0, e la societ\u00e0 non pu\u00f2 vivere senza industria. Il 19 ottobre faremo la nostra assemblea dei 120 anni, un momento per guardare al futuro consapevoli del passato. Saremo presenti sul territorio torinese vorremmo essere presenti con attivit\u00e0 nelle universit\u00e0, nel Politecnico e negli ITS&#8221;, conclude il presidente.<div id=\"div-gpt-ad-Messinaoggi.it-DSK-300x250-corpoart\" style=\"text-align:center;margin:0 auto;\"><\/div><\/p>\n<p>&#8211; Foto Italpress &#8211;<div id=\"videoincontent\" style=\"clear:both\";><\/div><\/p>\n<p>(ITALPRESS).<\/p><\/div>\n","protected":false},"excerpt":{"rendered":"<p>MILANO (ITALPRESS) &#8211; &#8220;I numeri ci restituiscono un territorio che non ha bisogno di dimostrare di saper fare industria e saper produrre. E&#8217; un bel punto di partenza. Si nota purtroppo un rallentamento in settori come l&#8217;innovazione e il mondo dell&#8217;ICT, mentre altri ambiti come il turismo crescono. Ma il trend degli investimenti deve essere [&hellip;]<\/p>\n","protected":false},"author":18,"featured_media":263815,"comment_status":"closed","ping_status":"closed","sticky":false,"template":"","format":"standard","meta":{"ub_ctt_via":"","_mi_skip_tracking":false},"categories":[446],"tags":[783],"featured_image_src":"https:\/\/www.messinaoggi.it\/website\/wp-content\/uploads\/2026\/03\/20260324_0856.jpg","author_info":{"display_name":"Admin","author_link":"https:\/\/www.messinaoggi.it\/website\/author\/admin\/"},"digistream_id":0,"digistream":false,"_links":{"self":[{"href":"https:\/\/www.messinaoggi.it\/website\/wp-json\/wp\/v2\/posts\/263814"}],"collection":[{"href":"https:\/\/www.messinaoggi.it\/website\/wp-json\/wp\/v2\/posts"}],"about":[{"href":"https:\/\/www.messinaoggi.it\/website\/wp-json\/wp\/v2\/types\/post"}],"author":[{"embeddable":true,"href":"https:\/\/www.messinaoggi.it\/website\/wp-json\/wp\/v2\/users\/18"}],"replies":[{"embeddable":true,"href":"https:\/\/www.messinaoggi.it\/website\/wp-json\/wp\/v2\/comments?post=263814"}],"version-history":[{"count":0,"href":"https:\/\/www.messinaoggi.it\/website\/wp-json\/wp\/v2\/posts\/263814\/revisions"}],"wp:featuredmedia":[{"embeddable":true,"href":"https:\/\/www.messinaoggi.it\/website\/wp-json\/wp\/v2\/media\/263815"}],"wp:attachment":[{"href":"https:\/\/www.messinaoggi.it\/website\/wp-json\/wp\/v2\/media?parent=263814"}],"wp:term":[{"taxonomy":"category","embeddable":true,"href":"https:\/\/www.messinaoggi.it\/website\/wp-json\/wp\/v2\/categories?post=263814"},{"taxonomy":"post_tag","embeddable":true,"href":"https:\/\/www.messinaoggi.it\/website\/wp-json\/wp\/v2\/tags?post=263814"}],"curies":[{"name":"wp","href":"https:\/\/api.w.org\/{rel}","templated":true}]}}