{"id":263301,"date":"2026-03-17T19:08:25","date_gmt":"2026-03-17T18:08:25","guid":{"rendered":"https:\/\/www.messinaoggi.it\/website\/2026\/03\/17\/optima-italia-dalla-liguria-confronto-con-sindaci-su-energia-e-digitale\/"},"modified":"2026-03-17T19:08:25","modified_gmt":"2026-03-17T18:08:25","slug":"optima-italia-dalla-liguria-confronto-con-sindaci-su-energia-e-digitale","status":"publish","type":"post","link":"https:\/\/www.messinaoggi.it\/website\/2026\/03\/17\/optima-italia-dalla-liguria-confronto-con-sindaci-su-energia-e-digitale\/","title":{"rendered":"Optima Italia, dalla Liguria confronto con sindaci su energia e digitale"},"content":{"rendered":"<div>GENOVA (ITALPRESS) &#8211; Gestire la complessit\u00e0 della doppia transizione, energetica e digitale. Questo l&#8217;obiettivo dell&#8217;incontro che si \u00e8 tenuto, alla Terrazza Colombo di Genova, un forum istituzionale per presentare i servizi di Optima Italia al territorio ligure. L&#8217;iniziativa che si colloca nell&#8217;ambito di un programma strutturato di incontri con le amministrazioni locali, ha riunito circa quaranta sindaci provenienti da tutto il territorio regionale, insieme a rappresentanti delle istituzioni parlamentari e della governance regionale. Il forum di Optima Italia si inscrive in un contesto di crescente pressione sulle amministrazioni locali &#8211; in particolare sui comuni di piccole e medie dimensioni &#8211; chiamate a gestire la complessit\u00e0 della doppia transizione, in condizioni di risorse limitate e competenze tecniche spesso insufficienti. Il confronto ha affrontato con rigore le tre dimensioni abilitanti dello sviluppo territoriale: efficienza energetica, infrastrutture di connettivit\u00e0 e servizi digitali integrati per la Pubblica Amministrazione. I lavori sono stati aperti dal Presidente della Regione Liguria Marco Bucci, la cui presenza ha segnalato il riconoscimento istituzionale del tema come priorit\u00e0 nell&#8217;agenda di sviluppo regionale. Al dibattito sono intervenuti l&#8217;onorevole Luca Pastorino, membro della Commissione Trasporti, Poste e Telecomunicazioni della Camera dei Deputati e sindaco di Bogliasco, e Ilaria Cavo, Vicepresidente della Commissione Attivit\u00e0 Produttive della Camera &#8211; interlocutori di riferimento per le politiche nazionali su infrastrutture digitali e sviluppo industriale. A chiudere i lavori il viceministro alle infrastrutture Edoardo Rixi. La composizione della platea &#8211; quaranta sindaci, parlamentari nazionali, vertici regionali e management di un operatore di servizi integrati &#8211; ha configurato un ecosistema di dialogo multilivello, capace di produrre indirizzi operativi immediatamente trasferibili alla governance locale.<br \/>\nNel corso del forum, l&#8217;Amministratore Delegato Marco Realfonzo ha illustrato il posizionamento strategico di Optima Italia come operatore integrato nei tre assi portanti della modernizzazione del Paese: energia, telecomunicazioni e servizi digitali. La proposta di valore dell&#8217;azienda si distingue per un approccio orientato alla funzione di advisor di sistema &#8211; non alla mera fornitura di prodotti &#8211; con l&#8217;obiettivo di supportare le amministrazioni locali nell&#8217;ottimizzazione dei contratti di fornitura, nella riduzione delle inefficienze gestionali e nell&#8217;adozione di soluzioni integrate ad alto impatto sull&#8217;efficienza operativa.<br \/>\n&#8220;Optima Italia &#8211; afferma Marco Realfonzo, Amministratore Delegato, Optima Italia &#8211; opera nei tre ambiti fondamentali su cui si gioca la modernizzazione del Paese: energia, telecomunicazioni e servizi digitali. La vera sfida non \u00e8 produrre energia o inventare nuove tecnologie, ma renderle accessibili in modo efficiente, semplice e conveniente. Ogni euro risparmiato sui contratti energetici o di telecomunicazione \u00e8 un euro in pi\u00f9 per servizi sociali, scuole e infrastrutture. Il nostro obiettivo \u00e8 diventare un advisor di sistema per le pubbliche amministrazioni locali: non vendiamo prodotti, ma offriamo analisi oggettive e trasparenza di mercato. Pubblico e privato non sono in contrapposizione: il progresso nasce da una collaborazione chiara e costruttiva&#8221;. Il Direttore Marketing Umberto D&#8217;Oriano ha presentato la metodologia operativa adottata dall&#8217;azienda, articolata in tre fasi sequenziali: una fase diagnostica di audit delle forniture esistenti in ambito energetico e delle telecomunicazioni; una fase analitica di identificazione delle inefficienze contrattuali e gestionali; e una fase propositiva di delivery di soluzioni integrate, calibrate sulle specificit\u00e0 dimensionali e funzionali di ciascuna amministrazione. L&#8217;approccio si fonda sulla trasparenza di mercato come leva di governance: l&#8217;obiettivo non \u00e8 sostituire la capacit\u00e0 decisionale delle amministrazioni &#8211; che mantengono piena autonomia nelle scelte contrattuali nel rispetto dei vincoli normativi e delle procedure di evidenza pubblica &#8211; bens\u00ec dotarle di una base informativa robusta per orientarsi in un mercato dei servizi pubblici di crescente complessit\u00e0. La dimensione sistemica dell&#8217;iniziativa risiede nella sua scalabilit\u00e0: il modello presentato a Genova \u00e8 stato concepito come blueprint replicabile su scala nazionale. Il risparmio generato dall&#8217;efficientamento dei contratti energetici e delle telecomunicazioni si traduce direttamente in capacit\u00e0 di spesa aggiuntiva per servizi alla cittadinanza, infrastrutture scolastiche e investimenti locali &#8211; configurando un circolo virtuoso tra efficienza amministrativa e qualit\u00e0 della vita nei territori.<br \/>\n-foto Philia Associates &#8211;<br \/>\n(ITALPRESS).<\/div>\n<div id=\"div-gpt-ad-Messinaoggi.it-DSK-300x250-corpoart\" style=\"text-align:center;margin:0 auto;\"><\/div><\/p><div id=\"videoincontent\" style=\"clear:both\";><\/div>","protected":false},"excerpt":{"rendered":"<p>GENOVA (ITALPRESS) &#8211; Gestire la complessit\u00e0 della doppia transizione, energetica e digitale. Questo l&#8217;obiettivo dell&#8217;incontro che si \u00e8 tenuto, alla Terrazza Colombo di Genova, un forum istituzionale per presentare i servizi di Optima Italia al territorio ligure. L&#8217;iniziativa che si colloca nell&#8217;ambito di un programma strutturato di incontri con le amministrazioni locali, ha riunito circa [&hellip;]<\/p>\n","protected":false},"author":18,"featured_media":263302,"comment_status":"closed","ping_status":"closed","sticky":false,"template":"","format":"standard","meta":{"ub_ctt_via":"","_mi_skip_tracking":false},"categories":[446],"tags":[783],"featured_image_src":"https:\/\/www.messinaoggi.it\/website\/wp-content\/uploads\/2026\/03\/20260317_1478.jpg","author_info":{"display_name":"Admin","author_link":"https:\/\/www.messinaoggi.it\/website\/author\/admin\/"},"digistream_id":0,"digistream":false,"_links":{"self":[{"href":"https:\/\/www.messinaoggi.it\/website\/wp-json\/wp\/v2\/posts\/263301"}],"collection":[{"href":"https:\/\/www.messinaoggi.it\/website\/wp-json\/wp\/v2\/posts"}],"about":[{"href":"https:\/\/www.messinaoggi.it\/website\/wp-json\/wp\/v2\/types\/post"}],"author":[{"embeddable":true,"href":"https:\/\/www.messinaoggi.it\/website\/wp-json\/wp\/v2\/users\/18"}],"replies":[{"embeddable":true,"href":"https:\/\/www.messinaoggi.it\/website\/wp-json\/wp\/v2\/comments?post=263301"}],"version-history":[{"count":0,"href":"https:\/\/www.messinaoggi.it\/website\/wp-json\/wp\/v2\/posts\/263301\/revisions"}],"wp:featuredmedia":[{"embeddable":true,"href":"https:\/\/www.messinaoggi.it\/website\/wp-json\/wp\/v2\/media\/263302"}],"wp:attachment":[{"href":"https:\/\/www.messinaoggi.it\/website\/wp-json\/wp\/v2\/media?parent=263301"}],"wp:term":[{"taxonomy":"category","embeddable":true,"href":"https:\/\/www.messinaoggi.it\/website\/wp-json\/wp\/v2\/categories?post=263301"},{"taxonomy":"post_tag","embeddable":true,"href":"https:\/\/www.messinaoggi.it\/website\/wp-json\/wp\/v2\/tags?post=263301"}],"curies":[{"name":"wp","href":"https:\/\/api.w.org\/{rel}","templated":true}]}}