{"id":263259,"date":"2026-03-17T13:08:27","date_gmt":"2026-03-17T12:08:27","guid":{"rendered":"https:\/\/www.messinaoggi.it\/website\/2026\/03\/17\/piemonte-anastasi-collaborazione-regione-formez-decisiva-per-semplificazione\/"},"modified":"2026-03-17T13:08:27","modified_gmt":"2026-03-17T12:08:27","slug":"piemonte-anastasi-collaborazione-regione-formez-decisiva-per-semplificazione","status":"publish","type":"post","link":"https:\/\/www.messinaoggi.it\/website\/2026\/03\/17\/piemonte-anastasi-collaborazione-regione-formez-decisiva-per-semplificazione\/","title":{"rendered":"Piemonte, Anastasi \u201cCollaborazione Regione-Formez decisiva per semplificazione\u201d"},"content":{"rendered":"<div>TORINO (ITALPRESS) &#8211; &#8220;La collaborazione tra Regione Piemonte e Formez rappresenta un passaggio decisivo per trasformare la semplificazione in realt\u00e0 concreta. Per noi \u00e8 un onore poter lavorare al fianco della Regione, che ringraziamo per la fiducia, perch\u00e8 si rafforza un percorso avviato gi\u00e0 lo scorso dicembre con l&#8217;accordo sull&#8217;innovazione&#8221;. E&#8217; quanto affermato dal Presidente Formez, Giovanni Anastasi, in occasione della conferenza di presentazione di &#8220;Semplifica Piemonte&#8221; al Grattacielo della Regione Piemonte, alla presenza del Ministro per le Riforme Istituzionali  Maria Elisabetta Alberti Casellati, del Ministro per la Pubblica Amministrazione Paolo Zangrillo, del Presidente della Regione Piemonte Alberto Cirio e dell&#8217;Assessore alla Semplificazione Gian Luca Vignale. &#8220;Formez &#8211; prosegue Anastasi &#8211; considera la semplificazione un passo fondamentale per continuare a lavorare sul percorso di disintermediazione tra cittadino e bene pubblico, avviato dall&#8217;Istituto anche con il supporto delle nuove tecnologie, siamo quindi orgogliosi di poter fornire il nostro contributo al progetto &#8216;Semplifica Piemont\u00e8, consapevoli che il nostro ruolo \u00e8 quello di essere laboratorio delle Pubbliche Amministrazioni cos\u00ec come territorio di condivisione di esperienze nell&#8217;ambito pubblico. Il Piemonte ha scelto di investire su una PA pi\u00f9 semplice, coerente, affidabile e pi\u00f9 vicina alla collettivit\u00e0: una scelta coraggiosa, che pu\u00f2 diventare un modello nazionale&#8221;.<br \/>All&#8217;incontro hanno partecipato anche rappresentanti delle principali istituzioni del territorio, tra cui ANCI Piemonte, Politecnico di Torino, Universit\u00e0 di Torino e Universit\u00e0 del Piemonte Orientale.<br \/>-foto ufficio stampa Formez &#8211;<br \/>(ITALPRESS).<\/div>\n<div id=\"div-gpt-ad-Messinaoggi.it-DSK-300x250-corpoart\" style=\"text-align:center;margin:0 auto;\"><\/div><\/p><div id=\"videoincontent\" style=\"clear:both\";><\/div>","protected":false},"excerpt":{"rendered":"<p>TORINO (ITALPRESS) &#8211; &#8220;La collaborazione tra Regione Piemonte e Formez rappresenta un passaggio decisivo per trasformare la semplificazione in realt\u00e0 concreta. Per noi \u00e8 un onore poter lavorare al fianco della Regione, che ringraziamo per la fiducia, perch\u00e8 si rafforza un percorso avviato gi\u00e0 lo scorso dicembre con l&#8217;accordo sull&#8217;innovazione&#8221;. E&#8217; quanto affermato dal Presidente [&hellip;]<\/p>\n","protected":false},"author":18,"featured_media":263260,"comment_status":"closed","ping_status":"closed","sticky":false,"template":"","format":"standard","meta":{"ub_ctt_via":"","_mi_skip_tracking":false},"categories":[446],"tags":[783],"featured_image_src":"https:\/\/www.messinaoggi.it\/website\/wp-content\/uploads\/2026\/03\/20260317_0338.jpg","author_info":{"display_name":"Admin","author_link":"https:\/\/www.messinaoggi.it\/website\/author\/admin\/"},"digistream_id":0,"digistream":false,"_links":{"self":[{"href":"https:\/\/www.messinaoggi.it\/website\/wp-json\/wp\/v2\/posts\/263259"}],"collection":[{"href":"https:\/\/www.messinaoggi.it\/website\/wp-json\/wp\/v2\/posts"}],"about":[{"href":"https:\/\/www.messinaoggi.it\/website\/wp-json\/wp\/v2\/types\/post"}],"author":[{"embeddable":true,"href":"https:\/\/www.messinaoggi.it\/website\/wp-json\/wp\/v2\/users\/18"}],"replies":[{"embeddable":true,"href":"https:\/\/www.messinaoggi.it\/website\/wp-json\/wp\/v2\/comments?post=263259"}],"version-history":[{"count":0,"href":"https:\/\/www.messinaoggi.it\/website\/wp-json\/wp\/v2\/posts\/263259\/revisions"}],"wp:featuredmedia":[{"embeddable":true,"href":"https:\/\/www.messinaoggi.it\/website\/wp-json\/wp\/v2\/media\/263260"}],"wp:attachment":[{"href":"https:\/\/www.messinaoggi.it\/website\/wp-json\/wp\/v2\/media?parent=263259"}],"wp:term":[{"taxonomy":"category","embeddable":true,"href":"https:\/\/www.messinaoggi.it\/website\/wp-json\/wp\/v2\/categories?post=263259"},{"taxonomy":"post_tag","embeddable":true,"href":"https:\/\/www.messinaoggi.it\/website\/wp-json\/wp\/v2\/tags?post=263259"}],"curies":[{"name":"wp","href":"https:\/\/api.w.org\/{rel}","templated":true}]}}