{"id":263230,"date":"2026-03-16T19:08:32","date_gmt":"2026-03-16T18:08:32","guid":{"rendered":"https:\/\/www.messinaoggi.it\/website\/2026\/03\/16\/energia-pichetto-chiediamo-la-revisione-del-sistema-ets\/"},"modified":"2026-03-16T19:08:32","modified_gmt":"2026-03-16T18:08:32","slug":"energia-pichetto-chiediamo-la-revisione-del-sistema-ets","status":"publish","type":"post","link":"https:\/\/www.messinaoggi.it\/website\/2026\/03\/16\/energia-pichetto-chiediamo-la-revisione-del-sistema-ets\/","title":{"rendered":"Energia, Pichetto \u201cChiediamo la revisione del sistema Ets\u201d"},"content":{"rendered":"<div>BRUXELLES (BELGIO) (ITALPRESS) &#8211; Il ministro dell&#8217;Ambiente e della sicurezza energetica, Gilberto Pichetto Fratin, a margine del Consiglio Energia, ha incontrato la ministra francese delegata per l&#8217;Energia Maud Br\u00e8gon, il ministro dell&#8217;Ambiente della Repubblica Ceca, Petr Hladik e il ministro dell&#8217;energia e del clima della Repubblica dell&#8217;Estonia, Andres Sutt.<br \/>Pichetto ha voluto sottolineare che &#8220;l&#8217;Europa deve mantenere una alta ambizione climatica, evitando rigidit\u00e0 che rischiano di penalizzare famiglie e imprese. Per l&#8217;Italia questa \u00e8 una priorit\u00e0 strategica. Il problema dei prezzi dell&#8217;energia \u00e8 per noi molto importante. La recente crisi in Medio Oriente ha accentuato il problema. L&#8217;Italia sta lavorando a misure nazionali ma \u00e8 necessario che queste siano condivise dalla Commissione Europea e dagli altri Stati membri&#8221;, ha aggiunto. &#8220;Non possiamo permetterci che il costo delle tensioni geopolitiche in atto e la crisi della trasformazione ricada in modo sproporzionato sui cittadini e comprometta la competitivit\u00e0 del nostro sistema produttivo. Per questo &#8211; ha concluso, informando che del tema si \u00e8 discusso anche in Consiglio Energia &#8211; riteniamo necessario concentrare le risorse su misure davvero efficaci per contenere i prezzi dell&#8217;energia e per una transizione rapida, che metta al centro anche la sicurezza energetica. Chiediamo una revisione del sistema ETS, che ne limiti gli effetti sul prezzo dell&#8217;energia, riduca la volatilit\u00e0 e prezzo delle quote e limiti le dinamiche speculative, cos\u00ec che il meccanismo possa guidare efficacemente la transizione&#8221;.<br \/>(ITALPRESS).<br \/>-Foto: Ipa Agency-<\/div>\n<div id=\"div-gpt-ad-Messinaoggi.it-DSK-300x250-corpoart\" style=\"text-align:center;margin:0 auto;\"><\/div><\/p><div id=\"videoincontent\" style=\"clear:both\";><\/div>","protected":false},"excerpt":{"rendered":"<p>BRUXELLES (BELGIO) (ITALPRESS) &#8211; Il ministro dell&#8217;Ambiente e della sicurezza energetica, Gilberto Pichetto Fratin, a margine del Consiglio Energia, ha incontrato la ministra francese delegata per l&#8217;Energia Maud Br\u00e8gon, il ministro dell&#8217;Ambiente della Repubblica Ceca, Petr Hladik e il ministro dell&#8217;energia e del clima della Repubblica dell&#8217;Estonia, Andres Sutt.Pichetto ha voluto sottolineare che &#8220;l&#8217;Europa deve [&hellip;]<\/p>\n","protected":false},"author":18,"featured_media":263231,"comment_status":"closed","ping_status":"closed","sticky":false,"template":"","format":"standard","meta":{"ub_ctt_via":"","_mi_skip_tracking":false},"categories":[446],"tags":[783],"featured_image_src":"https:\/\/www.messinaoggi.it\/website\/wp-content\/uploads\/2026\/03\/20260316_1849.jpg","author_info":{"display_name":"Admin","author_link":"https:\/\/www.messinaoggi.it\/website\/author\/admin\/"},"digistream_id":0,"digistream":false,"_links":{"self":[{"href":"https:\/\/www.messinaoggi.it\/website\/wp-json\/wp\/v2\/posts\/263230"}],"collection":[{"href":"https:\/\/www.messinaoggi.it\/website\/wp-json\/wp\/v2\/posts"}],"about":[{"href":"https:\/\/www.messinaoggi.it\/website\/wp-json\/wp\/v2\/types\/post"}],"author":[{"embeddable":true,"href":"https:\/\/www.messinaoggi.it\/website\/wp-json\/wp\/v2\/users\/18"}],"replies":[{"embeddable":true,"href":"https:\/\/www.messinaoggi.it\/website\/wp-json\/wp\/v2\/comments?post=263230"}],"version-history":[{"count":0,"href":"https:\/\/www.messinaoggi.it\/website\/wp-json\/wp\/v2\/posts\/263230\/revisions"}],"wp:featuredmedia":[{"embeddable":true,"href":"https:\/\/www.messinaoggi.it\/website\/wp-json\/wp\/v2\/media\/263231"}],"wp:attachment":[{"href":"https:\/\/www.messinaoggi.it\/website\/wp-json\/wp\/v2\/media?parent=263230"}],"wp:term":[{"taxonomy":"category","embeddable":true,"href":"https:\/\/www.messinaoggi.it\/website\/wp-json\/wp\/v2\/categories?post=263230"},{"taxonomy":"post_tag","embeddable":true,"href":"https:\/\/www.messinaoggi.it\/website\/wp-json\/wp\/v2\/tags?post=263230"}],"curies":[{"name":"wp","href":"https:\/\/api.w.org\/{rel}","templated":true}]}}