{"id":263211,"date":"2026-03-16T17:08:33","date_gmt":"2026-03-16T16:08:33","guid":{"rendered":"https:\/\/www.messinaoggi.it\/website\/2026\/03\/16\/letexpo-2026-chiude-con-numeri-record-oltre-120mila-visitatori\/"},"modified":"2026-03-16T17:08:33","modified_gmt":"2026-03-16T16:08:33","slug":"letexpo-2026-chiude-con-numeri-record-oltre-120mila-visitatori","status":"publish","type":"post","link":"https:\/\/www.messinaoggi.it\/website\/2026\/03\/16\/letexpo-2026-chiude-con-numeri-record-oltre-120mila-visitatori\/","title":{"rendered":"LetExpo 2026 chiude con numeri record, oltre 120mila visitatori"},"content":{"rendered":"<div>VERONA (ITALPRESS) &#8211; La quinta edizione di LetExpo 2026, ospitata per quattro giorni a VeronaFiere, si \u00e8 chiusa con risultati record. La manifestazione, confermatasi un punto di riferimento per la logistica sostenibile e intermodale in Italia, ha registrato una crescita significativa, con oltre 550 espositori, il 10% in pi\u00f9 rispetto all&#8217;anno scorso, e un aumento del 25% delle realt\u00e0 internazionali presenti.<br \/>\nQuattro giorni dedicati a opportunit\u00e0 commerciali, appuntamenti B2B, conferenze, seminari, workshop, sessioni pratiche, dimostrazioni e molto altro, con l&#8217;obiettivo di diffondere una consapevolezza ecologica nei settori della logistica, dell&#8217;impresa, dei servizi, delle professioni e dell&#8217;istruzione.<br \/>\nGuido Grimaldi, presidente di Alis, organizzatore dell&#8217;evento, sottolinea che &#8220;abbiamo avuto una partecipazione straordinaria: pi\u00f9 di 120mila visitatori hanno affollato i padiglioni in quattro giorni. Tra loro c&#8217;erano rappresentanti di spicco del Governo, molti presenti fisicamente, oltre a imprenditori, manager, lavoratori, giovani e studenti. Questo ci rende molto orgogliosi, perch\u00e8 dimostra come la manifestazione continui a suscitare crescente interesse&#8221;.<br \/>\nUna fiera di sistema a cui hanno partecipato, oltre a rappresentanti delle istituzioni, le principali imprese di trasporto stradale, marittimo e ferroviario, terminalisti, spedizionieri, stakeholder e aziende fornitrici di servizi alle imprese, case costruttrici, compagnie assicurative, porti italiani ed europei, interporti nazionali e internazionali, associazioni, operatori della filiera agro-alimentare e delle diverse filiere logistiche.<br \/>\n&#8220;LetExpo si conferma sempre di pi\u00f9 un punto di riferimento sullo stato di salute del Paese, della politica e dell&#8217;attivit\u00e0 finanziaria ed economica italiana. Siamo felici di averla riproposta come V edizione, ancora una volta qui a Verona, nodo centrale e strategico per tutto l&#8217;asse che arriva dal Nord Europa&#8221;, ha affermato Marcello Di Caterina, Vicepresidente e Direttore Generale di Alis.<br \/>\nNel complesso fieristico, sono state lanciate iniziative e attivit\u00e0 focalizzate sull&#8217;inclusione, la solidariet\u00e0, lo sport e, pi\u00f9 in generale, sulla sostenibilit\u00e0 sociale: anche quest&#8217;anno, un intero padiglione \u00e8 stato dedicato al terzo settore con &#8220;ALIS per il Sociale&#8221;.<br \/>\n-foto f27\/Italpress-<br \/>\n(ITALPRESS).<\/div>\n<div id=\"div-gpt-ad-Messinaoggi.it-DSK-300x250-corpoart\" style=\"text-align:center;margin:0 auto;\"><\/div><\/p><div id=\"videoincontent\" style=\"clear:both\";><\/div>","protected":false},"excerpt":{"rendered":"<p>VERONA (ITALPRESS) &#8211; La quinta edizione di LetExpo 2026, ospitata per quattro giorni a VeronaFiere, si \u00e8 chiusa con risultati record. La manifestazione, confermatasi un punto di riferimento per la logistica sostenibile e intermodale in Italia, ha registrato una crescita significativa, con oltre 550 espositori, il 10% in pi\u00f9 rispetto all&#8217;anno scorso, e un aumento [&hellip;]<\/p>\n","protected":false},"author":18,"featured_media":263212,"comment_status":"closed","ping_status":"closed","sticky":false,"template":"","format":"standard","meta":{"ub_ctt_via":"","_mi_skip_tracking":false},"categories":[446],"tags":[783],"featured_image_src":"https:\/\/www.messinaoggi.it\/website\/wp-content\/uploads\/2026\/03\/20260316_1353.jpg","author_info":{"display_name":"Admin","author_link":"https:\/\/www.messinaoggi.it\/website\/author\/admin\/"},"digistream_id":0,"digistream":false,"_links":{"self":[{"href":"https:\/\/www.messinaoggi.it\/website\/wp-json\/wp\/v2\/posts\/263211"}],"collection":[{"href":"https:\/\/www.messinaoggi.it\/website\/wp-json\/wp\/v2\/posts"}],"about":[{"href":"https:\/\/www.messinaoggi.it\/website\/wp-json\/wp\/v2\/types\/post"}],"author":[{"embeddable":true,"href":"https:\/\/www.messinaoggi.it\/website\/wp-json\/wp\/v2\/users\/18"}],"replies":[{"embeddable":true,"href":"https:\/\/www.messinaoggi.it\/website\/wp-json\/wp\/v2\/comments?post=263211"}],"version-history":[{"count":0,"href":"https:\/\/www.messinaoggi.it\/website\/wp-json\/wp\/v2\/posts\/263211\/revisions"}],"wp:featuredmedia":[{"embeddable":true,"href":"https:\/\/www.messinaoggi.it\/website\/wp-json\/wp\/v2\/media\/263212"}],"wp:attachment":[{"href":"https:\/\/www.messinaoggi.it\/website\/wp-json\/wp\/v2\/media?parent=263211"}],"wp:term":[{"taxonomy":"category","embeddable":true,"href":"https:\/\/www.messinaoggi.it\/website\/wp-json\/wp\/v2\/categories?post=263211"},{"taxonomy":"post_tag","embeddable":true,"href":"https:\/\/www.messinaoggi.it\/website\/wp-json\/wp\/v2\/tags?post=263211"}],"curies":[{"name":"wp","href":"https:\/\/api.w.org\/{rel}","templated":true}]}}