{"id":263209,"date":"2026-03-16T17:08:28","date_gmt":"2026-03-16T16:08:28","guid":{"rendered":"https:\/\/www.messinaoggi.it\/website\/2026\/03\/16\/casellati-la-semplificazione-normativa-e-una-scelta-di-campo\/"},"modified":"2026-03-16T17:08:28","modified_gmt":"2026-03-16T16:08:28","slug":"casellati-la-semplificazione-normativa-e-una-scelta-di-campo","status":"publish","type":"post","link":"https:\/\/www.messinaoggi.it\/website\/2026\/03\/16\/casellati-la-semplificazione-normativa-e-una-scelta-di-campo\/","title":{"rendered":"Casellati \u201cLa semplificazione normativa \u00e8 una scelta di campo\u201d"},"content":{"rendered":"<div>TORINO (ITALPRESS) &#8211; &#8220;La semplificazione normativa non \u00e8 un concetto astratto e neppure una questione meramente tecnica. E&#8217; una scelta di campo, con effetti concreti sulla vita di cittadini e imprese: intraprenderla significa stare dalla loro parte, e non dalla parte della burocrazia che si autoalimenta. La vostra Regione ha scelto di stare dalla parte dei suoi cittadini e delle sue imprese. &#8216;Semplifica Piemont\u00e8 \u00e8 una legge importante e coraggiosa perch\u00e8 traduce in azione l&#8217;obiettivo di un quadro normativo pi\u00f9 efficace, prevede a tal fine strumenti ad hoc, affida compiti e responsabilit\u00e0 a strutture dedicate, stabilisce criteri per misurare i risultati. E&#8217;, nello stesso tempo, un cambio di passo strutturale e culturale&#8221;. Cos\u00ec il ministro per le Riforme Istituzionali e la Semplificazione Normativa, Elisabetta Casellati, alla cerimonia di presentazione del disegno di legge &#8216;Semplifica Piemont\u00e8. Casellati ha poi sottolineato come &#8220;la complessit\u00e0 normativa costa. E&#8217; stato calcolato che i costi annui sostenuti dalle imprese per adempimenti burocratici oscillano tra 57,2 e 80 miliardi, mentre i ritardi nell&#8217;erogazione di prestazioni amministrative pesano complessivamente per 225 miliardi su famiglie e aziende. E&#8217; una tassa invisibile che pesa sulle imprese, scoraggia gli investimenti, rallenta la crescita. E colpisce soprattuto chi non ha gli uffici legali per affrontarla&#8221;.<br \/>(ITALPRESS).<br \/>-Foto: Ipa Agency-<\/div>\n<div id=\"div-gpt-ad-Messinaoggi.it-DSK-300x250-corpoart\" style=\"text-align:center;margin:0 auto;\"><\/div><\/p><div id=\"videoincontent\" style=\"clear:both\";><\/div>","protected":false},"excerpt":{"rendered":"<p>TORINO (ITALPRESS) &#8211; &#8220;La semplificazione normativa non \u00e8 un concetto astratto e neppure una questione meramente tecnica. E&#8217; una scelta di campo, con effetti concreti sulla vita di cittadini e imprese: intraprenderla significa stare dalla loro parte, e non dalla parte della burocrazia che si autoalimenta. La vostra Regione ha scelto di stare dalla parte [&hellip;]<\/p>\n","protected":false},"author":18,"featured_media":263210,"comment_status":"closed","ping_status":"closed","sticky":false,"template":"","format":"standard","meta":{"ub_ctt_via":"","_mi_skip_tracking":false},"categories":[446],"tags":[783],"featured_image_src":"https:\/\/www.messinaoggi.it\/website\/wp-content\/uploads\/2026\/03\/20260316_1285.jpg","author_info":{"display_name":"Admin","author_link":"https:\/\/www.messinaoggi.it\/website\/author\/admin\/"},"digistream_id":0,"digistream":false,"_links":{"self":[{"href":"https:\/\/www.messinaoggi.it\/website\/wp-json\/wp\/v2\/posts\/263209"}],"collection":[{"href":"https:\/\/www.messinaoggi.it\/website\/wp-json\/wp\/v2\/posts"}],"about":[{"href":"https:\/\/www.messinaoggi.it\/website\/wp-json\/wp\/v2\/types\/post"}],"author":[{"embeddable":true,"href":"https:\/\/www.messinaoggi.it\/website\/wp-json\/wp\/v2\/users\/18"}],"replies":[{"embeddable":true,"href":"https:\/\/www.messinaoggi.it\/website\/wp-json\/wp\/v2\/comments?post=263209"}],"version-history":[{"count":0,"href":"https:\/\/www.messinaoggi.it\/website\/wp-json\/wp\/v2\/posts\/263209\/revisions"}],"wp:featuredmedia":[{"embeddable":true,"href":"https:\/\/www.messinaoggi.it\/website\/wp-json\/wp\/v2\/media\/263210"}],"wp:attachment":[{"href":"https:\/\/www.messinaoggi.it\/website\/wp-json\/wp\/v2\/media?parent=263209"}],"wp:term":[{"taxonomy":"category","embeddable":true,"href":"https:\/\/www.messinaoggi.it\/website\/wp-json\/wp\/v2\/categories?post=263209"},{"taxonomy":"post_tag","embeddable":true,"href":"https:\/\/www.messinaoggi.it\/website\/wp-json\/wp\/v2\/tags?post=263209"}],"curies":[{"name":"wp","href":"https:\/\/api.w.org\/{rel}","templated":true}]}}