{"id":263192,"date":"2026-03-16T13:08:35","date_gmt":"2026-03-16T12:08:35","guid":{"rendered":"https:\/\/www.messinaoggi.it\/website\/2026\/03\/16\/referendum-meloni-la-riforma-e-di-tutti-non-vogliamo-punire-nessuno\/"},"modified":"2026-03-16T13:08:35","modified_gmt":"2026-03-16T12:08:35","slug":"referendum-meloni-la-riforma-e-di-tutti-non-vogliamo-punire-nessuno","status":"publish","type":"post","link":"https:\/\/www.messinaoggi.it\/website\/2026\/03\/16\/referendum-meloni-la-riforma-e-di-tutti-non-vogliamo-punire-nessuno\/","title":{"rendered":"Referendum, Meloni \u201cLa riforma \u00e8 di tutti, non vogliamo punire nessuno\u201d"},"content":{"rendered":"<div>ROMA (ITALPRESS) &#8211; &#8220;La giustizia \u00e8 uno dei tre poteri fondamentali dello Stato ed \u00e8 indispensabile per far camminare l&#8217;Italia. Ma se la giustizia \u00e8 lenta, inefficiente e ingiusta, allora tutta la macchina si inceppa e le conseguenze le pagano i cittadini. Ecco perch\u00e8 \u00e8 necessario andare a votare, e votare S\u00ec, perch\u00e8 \u00e8 arrivato il tempo di correggere queste storture, profonde e strutturali&#8221;. Cos\u00ec, in un\u00ecintervista a Il Dubbio, la premier Giorgia Meloni. &#8220;L&#8217;obiettivo di questa riforma \u00e8 rendere la giustizia pi\u00f9 moderna, giusta, responsabile e libera. Libera dai condizionamenti della politica e da quelle degenerazioni correntizie che hanno compromesso la credibilit\u00e0, il prestigio e l&#8217;autorevolezza della magistratura. Ecco perch\u00e8 ai cittadini dico di non restare a guardare. E di andare a votare, e votare s\u00ec, per aprire una pagina nuova per la giustizia e per la nostra Nazione&#8221;, aggiunge. Secondo Meloni i cittadini &#8220;devono andare a votare pensando a ci\u00f2 che serve e che reputano pi\u00f9 utile per l&#8217;Italia, non a ci\u00f2 che conviene al Governo o a un partito. La verit\u00e0 \u00e8 che questa riforma \u00e8 una riforma giusta e che riguarda la vita di tutti, la nostra libert\u00e0 e i nostri diritti&#8221;.<br \/>A chi dice che si tratta di una riforma per punire le toghe, la premier ribatte: &#8220;E&#8217; un&#8217;accusa strumentale, di chi non ha argomenti di merito per contestare la riforma. Noi non vogliamo punire nessuno e non accetto che qualcuno lo sostenga&#8221;.<br \/>Sulla possibilit\u00e0 che dopo il referendum sar\u00e0 possibile tornare a dialogare per migliorare la giustizia italiana, qualunque sia il risultato, Meloni chiosa: &#8220;Il governo \u00e8 sempre stato aperto al confronto e continuer\u00e0 a esserlo in futuro, qualunque sar\u00e0<br \/>l&#8217;esito del referendum. Ascolteremo i pareri e le opinioni di tutti, come abbiamo fatto finora, ma non rinunceremo a portare avanti le nostre idee nella definizione della legge attuativa. E non ho alcuna difficolt\u00e0 a dire, in caso di conferma referendaria della riforma, che nei giorni immediatamente successivi far\u00f2 avviare a Palazzo Chigi un tavolo con i rappresentanti dei magistrati e dell&#8217;avvocatura in modo da raccogliere proposte e<br \/>suggerimenti per scrivere le norme di attuazione, che saranno importanti quanto la stessa riforma&#8221;.<br \/>(ITALPRESS).<br \/>-Foto: Palazzo Chigi-<\/div>\n<div id=\"div-gpt-ad-Messinaoggi.it-DSK-300x250-corpoart\" style=\"text-align:center;margin:0 auto;\"><\/div><\/p><div id=\"videoincontent\" style=\"clear:both\";><\/div>","protected":false},"excerpt":{"rendered":"<p>ROMA (ITALPRESS) &#8211; &#8220;La giustizia \u00e8 uno dei tre poteri fondamentali dello Stato ed \u00e8 indispensabile per far camminare l&#8217;Italia. Ma se la giustizia \u00e8 lenta, inefficiente e ingiusta, allora tutta la macchina si inceppa e le conseguenze le pagano i cittadini. Ecco perch\u00e8 \u00e8 necessario andare a votare, e votare S\u00ec, perch\u00e8 \u00e8 arrivato [&hellip;]<\/p>\n","protected":false},"author":18,"featured_media":263193,"comment_status":"closed","ping_status":"closed","sticky":false,"template":"","format":"standard","meta":{"ub_ctt_via":"","_mi_skip_tracking":false},"categories":[446],"tags":[783],"featured_image_src":"https:\/\/www.messinaoggi.it\/website\/wp-content\/uploads\/2026\/03\/20260316_0295.jpg","author_info":{"display_name":"Admin","author_link":"https:\/\/www.messinaoggi.it\/website\/author\/admin\/"},"digistream_id":0,"digistream":false,"_links":{"self":[{"href":"https:\/\/www.messinaoggi.it\/website\/wp-json\/wp\/v2\/posts\/263192"}],"collection":[{"href":"https:\/\/www.messinaoggi.it\/website\/wp-json\/wp\/v2\/posts"}],"about":[{"href":"https:\/\/www.messinaoggi.it\/website\/wp-json\/wp\/v2\/types\/post"}],"author":[{"embeddable":true,"href":"https:\/\/www.messinaoggi.it\/website\/wp-json\/wp\/v2\/users\/18"}],"replies":[{"embeddable":true,"href":"https:\/\/www.messinaoggi.it\/website\/wp-json\/wp\/v2\/comments?post=263192"}],"version-history":[{"count":0,"href":"https:\/\/www.messinaoggi.it\/website\/wp-json\/wp\/v2\/posts\/263192\/revisions"}],"wp:featuredmedia":[{"embeddable":true,"href":"https:\/\/www.messinaoggi.it\/website\/wp-json\/wp\/v2\/media\/263193"}],"wp:attachment":[{"href":"https:\/\/www.messinaoggi.it\/website\/wp-json\/wp\/v2\/media?parent=263192"}],"wp:term":[{"taxonomy":"category","embeddable":true,"href":"https:\/\/www.messinaoggi.it\/website\/wp-json\/wp\/v2\/categories?post=263192"},{"taxonomy":"post_tag","embeddable":true,"href":"https:\/\/www.messinaoggi.it\/website\/wp-json\/wp\/v2\/tags?post=263192"}],"curies":[{"name":"wp","href":"https:\/\/api.w.org\/{rel}","templated":true}]}}