{"id":263169,"date":"2026-03-16T09:43:39","date_gmt":"2026-03-16T08:43:39","guid":{"rendered":"http:\/\/www.messinaoggi.it\/website\/?p=263169"},"modified":"2026-03-16T09:45:27","modified_gmt":"2026-03-16T08:45:27","slug":"barcellona-mafiosa-la-citta-si-ribella-alletichetta-di-de-luca","status":"publish","type":"post","link":"https:\/\/www.messinaoggi.it\/website\/2026\/03\/16\/barcellona-mafiosa-la-citta-si-ribella-alletichetta-di-de-luca\/","title":{"rendered":"Barcellona &#8220;mafiosa&#8221;, la citt\u00e0 si ribella all&#8217;etichetta di De Luca"},"content":{"rendered":"\n<p>Cittadini comuni, ma anche barcellonesi con passati ruoli politici. La Barcellona per bene si ribella all&#8217;etichetta affibbiata ieri alla citt\u00e0 de Longano da parte di Cateno De Luca.<div id=\"div-gpt-ad-Messinaoggi.it-DSK-300x250-corpoart\" style=\"text-align:center;margin:0 auto;\"><\/div><\/p>\n\n\n\n<p>Peppino Buzzanca, gi\u00e0 presidente della Provincia di Mesisna oltre ad essere stato sindaco di Messina e parlamentare regionale, questa mattina ha postato sulla sua pagina FB un&#8217;immagine con su scritto: &#8220;<em>Fatevi la campagna elettorale&#8230; e Barcellona non accostatela alla parola mafia. Indignati<\/em>&#8220;.<div id=\"videoincontent\" style=\"clear:both\";><\/div><\/p>\n\n\n\n<figure class=\"wp-block-image size-large\"><img loading=\"lazy\" width=\"1024\" height=\"633\" src=\"http:\/\/www.messinaoggi.it\/website\/wp-content\/uploads\/2026\/03\/653754759_25780626044942708_8533569420053850082_n-1024x633.jpg\" alt=\"\" class=\"wp-image-263170\" srcset=\"https:\/\/www.messinaoggi.it\/website\/wp-content\/uploads\/2026\/03\/653754759_25780626044942708_8533569420053850082_n-1024x633.jpg 1024w, https:\/\/www.messinaoggi.it\/website\/wp-content\/uploads\/2026\/03\/653754759_25780626044942708_8533569420053850082_n-300x186.jpg 300w, https:\/\/www.messinaoggi.it\/website\/wp-content\/uploads\/2026\/03\/653754759_25780626044942708_8533569420053850082_n-768x475.jpg 768w, https:\/\/www.messinaoggi.it\/website\/wp-content\/uploads\/2026\/03\/653754759_25780626044942708_8533569420053850082_n.jpg 1290w\" sizes=\"(max-width: 1024px) 100vw, 1024px\" \/><figcaption><strong>L&#8217;immagine postata su FB  da Peppino Buzzanca<\/strong><\/figcaption><\/figure>\n\n\n\n<p>Una frase significativa che condensa gli sforzi compiuti dalla cittadina del Longano per togliersi di dosso l&#8217;etichetta di citt\u00e0 mafiosa. Un&#8217;immagine offuscata dalle recenti affermazioni di Cateno De Luca, il quale ha denunciato presunte minacce e inseguimenti in stile mafioso. Sono state parole sue.<\/p>\n\n\n\n<p>Su FB c&#8217;\u00e8 un coro d&#8217;indignazione anche da parte di cittadini comuni che non ci stanno a questo metodo di fare politica. &#8220;Barcellona non \u00e8 una citt\u00e0 mafiosa&#8221;.<\/p>\n\n\n\n<p>La vicenda delle intimidazioni presunte dovr\u00e0 essere chiarita perch\u00e9 da quello che sta emergendo la realt\u00e0 dei fatti sarebbe stata completamente distorta. <\/p>\n","protected":false},"excerpt":{"rendered":"<p>Cittadini comuni, ma anche barcellonesi con passati ruoli politici. La Barcellona per bene si ribella all&#8217;etichetta affibbiata ieri alla citt\u00e0 de Longano da parte di Cateno De Luca. Peppino Buzzanca, gi\u00e0 presidente della Provincia di Mesisna oltre ad essere stato sindaco di Messina e parlamentare regionale, questa mattina ha postato sulla sua pagina FB un&#8217;immagine [&hellip;]<\/p>\n","protected":false},"author":2,"featured_media":103264,"comment_status":"open","ping_status":"open","sticky":false,"template":"","format":"standard","meta":{"ub_ctt_via":"","_mi_skip_tracking":false},"categories":[6],"tags":[1633,4279,13010],"featured_image_src":"https:\/\/www.messinaoggi.it\/website\/wp-content\/uploads\/2022\/04\/unnamed.jpg","author_info":{"display_name":"Redazione","author_link":"https:\/\/www.messinaoggi.it\/website\/author\/redazione\/"},"digistream_id":0,"digistream":false,"_links":{"self":[{"href":"https:\/\/www.messinaoggi.it\/website\/wp-json\/wp\/v2\/posts\/263169"}],"collection":[{"href":"https:\/\/www.messinaoggi.it\/website\/wp-json\/wp\/v2\/posts"}],"about":[{"href":"https:\/\/www.messinaoggi.it\/website\/wp-json\/wp\/v2\/types\/post"}],"author":[{"embeddable":true,"href":"https:\/\/www.messinaoggi.it\/website\/wp-json\/wp\/v2\/users\/2"}],"replies":[{"embeddable":true,"href":"https:\/\/www.messinaoggi.it\/website\/wp-json\/wp\/v2\/comments?post=263169"}],"version-history":[{"count":2,"href":"https:\/\/www.messinaoggi.it\/website\/wp-json\/wp\/v2\/posts\/263169\/revisions"}],"predecessor-version":[{"id":263172,"href":"https:\/\/www.messinaoggi.it\/website\/wp-json\/wp\/v2\/posts\/263169\/revisions\/263172"}],"wp:featuredmedia":[{"embeddable":true,"href":"https:\/\/www.messinaoggi.it\/website\/wp-json\/wp\/v2\/media\/103264"}],"wp:attachment":[{"href":"https:\/\/www.messinaoggi.it\/website\/wp-json\/wp\/v2\/media?parent=263169"}],"wp:term":[{"taxonomy":"category","embeddable":true,"href":"https:\/\/www.messinaoggi.it\/website\/wp-json\/wp\/v2\/categories?post=263169"},{"taxonomy":"post_tag","embeddable":true,"href":"https:\/\/www.messinaoggi.it\/website\/wp-json\/wp\/v2\/tags?post=263169"}],"curies":[{"name":"wp","href":"https:\/\/api.w.org\/{rel}","templated":true}]}}