{"id":263164,"date":"2026-03-16T09:19:29","date_gmt":"2026-03-16T08:19:29","guid":{"rendered":"http:\/\/www.messinaoggi.it\/website\/?p=263164"},"modified":"2026-03-16T09:19:35","modified_gmt":"2026-03-16T08:19:35","slug":"il-ponte-salvera-messina-il-28-la-manifestazione-per-il-si","status":"publish","type":"post","link":"https:\/\/www.messinaoggi.it\/website\/2026\/03\/16\/il-ponte-salvera-messina-il-28-la-manifestazione-per-il-si\/","title":{"rendered":"Il Ponte &#8220;salver\u00e0&#8221; Messina, il 28 la manifestazione per il S\u00ec"},"content":{"rendered":"\n<p>Messina perde circa 3mila abitanti ogni 18 mesi, negli ultimi dieci anni 18mila messinesi si sono trasferiti altrove, a questi dati si aggiungono tutti coloro che risultano ancora residenti ma in realt\u00e0 vivono e lavorano da tempo in altre citt\u00e0 e tornano solo a Natale e Ferragosto: uno spopolamento grave e preoccupante che riguarda tutta la Sicilia, passata in 25 anni da 5,6 a 4,8 milioni con previsioni di perdita, nel prossimo decennio, di ulteriori 800mila in varie provincie, con la citta dello Stretto sul podio della classifica. <div id=\"div-gpt-ad-Messinaoggi.it-DSK-300x250-corpoart\" style=\"text-align:center;margin:0 auto;\"><\/div><\/p>\n\n\n\n<p>\u201cLo spopolamento \u00e8 dovuto all\u2019invecchiamento e alle poche nascite, ma soprattutto all\u2019emigrazione di giovani in cerca di lavoro. Non \u00e8 un fenomeno inarrestabile e il Ponte pu\u00f2 rappresentare una svolta per il futuro della nostra Regione\u201d spiegano i promotori de \u201cL\u2019ora del Ponte\u201d, manifestazione in programma sabato 28 marzo alle ore 16 in piazza Unione Europea a Messina, che sta raccogliendo sempre maggiori adesioni con una quarantina di associazioni, sia per ribadire l\u2019importanza strategica e urgente dell\u2019opera, di cui si parla da tempo e che finalmente pu\u00f2 vedere la luce, sia per riflettere sul futuro occupazionale e sulle prospettive di crescita del nostro territorio. \u201cOrmai ci siamo abituati a vedere partire i nostri figli e, a breve, i nostri nipoti, verso il Nord, che sembra l\u2019America delle grandi migrazioni dell\u2019800 e \u2018900 quando i siciliani partivano con la valigia di cartone per trovare una speranza. Siamo assuefatti da un fenomeno che pu\u00f2 essere frenato e fermato grazie ad investimenti intelligenti come quelli infrastrutturali, il Ponte, con le autostrade, le ferrovie e i porti, \u00e8 la strada maestra dello sviluppo, la chiave di volta per rilanciare il Sud e far tornare i nostri ragazzi, i cervelli che fuggono ogni giorno e dare la possibilit\u00e0 di esprimere i loro talenti e potenzialit\u00e0 nella terra delle loro radici\u201d. <div id=\"videoincontent\" style=\"clear:both\";><\/div><\/p>\n\n\n\n<p>L\u2019evento del 28 marzo non sar\u00e0 solo un raduno di associazioni, comitati, movimenti, sindacati che hanno accolto gi\u00e0 la partecipazione di diversi partiti politici, ma anche un momento di confronto corale e a pi\u00f9 voci sul domani della Citt\u00e0 dello Stretto, della Sicilia e della Calabria. Anche quest\u2019ultima vive una situazione drammatica con migliaia e migliaia di calabresi che sono partiti negli anni scorsi e oggi ricoprono spesso posizioni di vertice in vari comparti lavorativi, dimostrazione del talento innato che alle nostre latitudini frena ad emergere e non viene valorizzato, innanzitutto per la carenza infrastrutturale e dei trasporti, madre di ogni possibilit\u00e0 di crescita fin dalle origini dell\u2019uomo. <\/p>\n\n\n\n<p>\u201cIl Ponte \u00e8 innanzitutto culturale &#8211; proseguono le sigle che hanno organizzato l\u2019appuntamento del 28 marzo, aperto a tutti &#8211; abbiamo il diritto e il dovere di pretendere la realizzazione di un progetto cos\u00ec prezioso e avveniristico, che garantir\u00e0 lavoro e una consequenzialit\u00e0 di opere sinergiche, complementari, una serie di cantieri che creeranno un indotto mai visto\u201d. <\/p>\n\n\n\n<p>Intanto continuano ad arrivare nuove adesioni: Associazione Italo americani, Associazione Ferrovie Siciliane, Futuro Meridiano e A.N.A.P.I. Pesca Sicilia (Associazione Nazionale Autonoma Piccoli Imprenditori della Pesca), organizzazione di categoria che tutela pescatori autonomi e operatori della filiera ittica in Sicilia e ha espresso il suo apprezzamento: \u201cAnche i prodotti dell\u2019intera filiera ittica necessitano pi\u00f9 che mai di tempi velocizzati nei trasporti per raggiungere i mercati di altre parti d&#8217;Italia\u201d &#8211; spiega il presidente Piero Forte. <\/p>\n\n\n\n<p>E ancora: \u201cLa nostra partecipazione avviene nel segno della trasversalit\u00e0 e del pragmatismo istituzionale, condividendo pienamente lo spirito di una mobilitazione priva di bandiere di partito e focalizzata esclusivamente sul valore strategico che le grandi infrastrutture rappresentano per il futuro dei nostri territori\u201d &#8211; scrivono i presidenti di ANPAE Mediterraneo Strategic Hub (centro di governance e progettazione strategica di sistemi complessi e sviluppo territoriale con fondi europei e nazionali) Carmelo Cortellaro, del Centro Studi Futura (ente leader nell\u2019ambito del Servizio Civile Universale in Calabria e Sicilia) Patrizia Matarazzo e del Progetto Giovani APS (organizzazione di promozione sociale d\u2019eccellenza, accreditata per la formazione superiore e continua) Simona Matarazzo. <\/p>\n","protected":false},"excerpt":{"rendered":"<p>Messina perde circa 3mila abitanti ogni 18 mesi, negli ultimi dieci anni 18mila messinesi si sono trasferiti altrove, a questi dati si aggiungono tutti coloro che risultano ancora residenti ma in realt\u00e0 vivono e lavorano da tempo in altre citt\u00e0 e tornano solo a Natale e Ferragosto: uno spopolamento grave e preoccupante che riguarda tutta [&hellip;]<\/p>\n","protected":false},"author":2,"featured_media":150262,"comment_status":"open","ping_status":"open","sticky":false,"template":"","format":"standard","meta":{"ub_ctt_via":"","_mi_skip_tracking":false},"categories":[6],"tags":[13007,630,13008],"featured_image_src":"https:\/\/www.messinaoggi.it\/website\/wp-content\/uploads\/2023\/04\/0-1-6.jpg","author_info":{"display_name":"Redazione","author_link":"https:\/\/www.messinaoggi.it\/website\/author\/redazione\/"},"digistream_id":0,"digistream":false,"_links":{"self":[{"href":"https:\/\/www.messinaoggi.it\/website\/wp-json\/wp\/v2\/posts\/263164"}],"collection":[{"href":"https:\/\/www.messinaoggi.it\/website\/wp-json\/wp\/v2\/posts"}],"about":[{"href":"https:\/\/www.messinaoggi.it\/website\/wp-json\/wp\/v2\/types\/post"}],"author":[{"embeddable":true,"href":"https:\/\/www.messinaoggi.it\/website\/wp-json\/wp\/v2\/users\/2"}],"replies":[{"embeddable":true,"href":"https:\/\/www.messinaoggi.it\/website\/wp-json\/wp\/v2\/comments?post=263164"}],"version-history":[{"count":1,"href":"https:\/\/www.messinaoggi.it\/website\/wp-json\/wp\/v2\/posts\/263164\/revisions"}],"predecessor-version":[{"id":263165,"href":"https:\/\/www.messinaoggi.it\/website\/wp-json\/wp\/v2\/posts\/263164\/revisions\/263165"}],"wp:featuredmedia":[{"embeddable":true,"href":"https:\/\/www.messinaoggi.it\/website\/wp-json\/wp\/v2\/media\/150262"}],"wp:attachment":[{"href":"https:\/\/www.messinaoggi.it\/website\/wp-json\/wp\/v2\/media?parent=263164"}],"wp:term":[{"taxonomy":"category","embeddable":true,"href":"https:\/\/www.messinaoggi.it\/website\/wp-json\/wp\/v2\/categories?post=263164"},{"taxonomy":"post_tag","embeddable":true,"href":"https:\/\/www.messinaoggi.it\/website\/wp-json\/wp\/v2\/tags?post=263164"}],"curies":[{"name":"wp","href":"https:\/\/api.w.org\/{rel}","templated":true}]}}