{"id":263160,"date":"2026-03-16T09:16:30","date_gmt":"2026-03-16T08:16:30","guid":{"rendered":"http:\/\/www.messinaoggi.it\/website\/?p=263160"},"modified":"2026-03-16T09:17:06","modified_gmt":"2026-03-16T08:17:06","slug":"si-e-spento-salvatore-tedesco-vice-presidente-aias-messina","status":"publish","type":"post","link":"https:\/\/www.messinaoggi.it\/website\/2026\/03\/16\/si-e-spento-salvatore-tedesco-vice-presidente-aias-messina\/","title":{"rendered":"Si \u00e8 spento Salvatore Tedesco, vice presidente AIAS Messina"},"content":{"rendered":"\n<p>Si \u00e8 spento Salvatore Tedesco, vice presidente dell&#8217;AIAS di Messina. Una figura di riferimento dell&#8217;Ente di assistenza, fondato dal suocero, il cavaliere Bruno Fascia.<div id=\"div-gpt-ad-Messinaoggi.it-DSK-300x250-corpoart\" style=\"text-align:center;margin:0 auto;\"><\/div><\/p>\n\n\n\n<p>Salvatore Tedesco, per oltre trent&#8217;anni ha gestito un sala per parrucchiere sul viale della Libert\u00e0, dove era stimato per la sua professionalit\u00e0. Parallelamente all&#8217;attivit\u00e0 professionale ha dedicato la sua vita per lo sviluppo dell&#8217;AIAS di Messina, ente di assistenza per soggetti svantaggiati.<div id=\"videoincontent\" style=\"clear:both\";><\/div><\/p>\n\n\n\n<p>I funerali si terranno oggi presso la chiesa di San Francesco d&#8217;Assisi a San Licandro, alle ore 15,30.<\/p>\n\n\n\n<p>Alla famiglia Fascia e, in modo particolare, alla signora Adele, presidente dell&#8217;AIAS Messina, vanno le condoglianze della nostra redazione.<\/p>\n","protected":false},"excerpt":{"rendered":"<p>Si \u00e8 spento Salvatore Tedesco, vice presidente dell&#8217;AIAS di Messina. Una figura di riferimento dell&#8217;Ente di assistenza, fondato dal suocero, il cavaliere Bruno Fascia. Salvatore Tedesco, per oltre trent&#8217;anni ha gestito un sala per parrucchiere sul viale della Libert\u00e0, dove era stimato per la sua professionalit\u00e0. Parallelamente all&#8217;attivit\u00e0 professionale ha dedicato la sua vita per [&hellip;]<\/p>\n","protected":false},"author":2,"featured_media":263161,"comment_status":"open","ping_status":"open","sticky":false,"template":"","format":"standard","meta":{"ub_ctt_via":"","_mi_skip_tracking":false},"categories":[5],"tags":[13006,3781,13004,13005],"featured_image_src":"https:\/\/www.messinaoggi.it\/website\/wp-content\/uploads\/2026\/03\/1b29c075-a65f-4639-b48e-38ab80c75be9-e1773648970391.jpg","author_info":{"display_name":"Redazione","author_link":"https:\/\/www.messinaoggi.it\/website\/author\/redazione\/"},"digistream_id":0,"digistream":false,"_links":{"self":[{"href":"https:\/\/www.messinaoggi.it\/website\/wp-json\/wp\/v2\/posts\/263160"}],"collection":[{"href":"https:\/\/www.messinaoggi.it\/website\/wp-json\/wp\/v2\/posts"}],"about":[{"href":"https:\/\/www.messinaoggi.it\/website\/wp-json\/wp\/v2\/types\/post"}],"author":[{"embeddable":true,"href":"https:\/\/www.messinaoggi.it\/website\/wp-json\/wp\/v2\/users\/2"}],"replies":[{"embeddable":true,"href":"https:\/\/www.messinaoggi.it\/website\/wp-json\/wp\/v2\/comments?post=263160"}],"version-history":[{"count":2,"href":"https:\/\/www.messinaoggi.it\/website\/wp-json\/wp\/v2\/posts\/263160\/revisions"}],"predecessor-version":[{"id":263163,"href":"https:\/\/www.messinaoggi.it\/website\/wp-json\/wp\/v2\/posts\/263160\/revisions\/263163"}],"wp:featuredmedia":[{"embeddable":true,"href":"https:\/\/www.messinaoggi.it\/website\/wp-json\/wp\/v2\/media\/263161"}],"wp:attachment":[{"href":"https:\/\/www.messinaoggi.it\/website\/wp-json\/wp\/v2\/media?parent=263160"}],"wp:term":[{"taxonomy":"category","embeddable":true,"href":"https:\/\/www.messinaoggi.it\/website\/wp-json\/wp\/v2\/categories?post=263160"},{"taxonomy":"post_tag","embeddable":true,"href":"https:\/\/www.messinaoggi.it\/website\/wp-json\/wp\/v2\/tags?post=263160"}],"curies":[{"name":"wp","href":"https:\/\/api.w.org\/{rel}","templated":true}]}}