{"id":263133,"date":"2026-03-15T19:08:27","date_gmt":"2026-03-15T18:08:27","guid":{"rendered":"https:\/\/www.messinaoggi.it\/website\/2026\/03\/15\/colpita-base-italiana-in-kuwait-nessun-ferito-tajani-non-ci-facciamo-intimorire\/"},"modified":"2026-03-15T19:08:27","modified_gmt":"2026-03-15T18:08:27","slug":"colpita-base-italiana-in-kuwait-nessun-ferito-tajani-non-ci-facciamo-intimorire","status":"publish","type":"post","link":"https:\/\/www.messinaoggi.it\/website\/2026\/03\/15\/colpita-base-italiana-in-kuwait-nessun-ferito-tajani-non-ci-facciamo-intimorire\/","title":{"rendered":"Colpita base italiana in Kuwait, nessun ferito. Tajani \u201cNon ci facciamo intimorire\u201d"},"content":{"rendered":"<div>ROMA (ITALPRESS) &#8211; &#8220;Questa mattina la base di Ali Al Salem, in Kuwait, che ospita capacit\u00e0 e personale americano e italiano, \u00e8 stata oggetto di un attacco con drone che ha colpito uno shelter, all&#8217;interno del quale era ricoverato un velivolo a pilotaggio remoto della Task Force Air italiana, andato distrutto. Ho immediatamente sentito il Colonnello Mangini per sincerarmi delle condizioni del personale italiano presente nella base. Al momento dell&#8217;attacco tutto il personale era in sicurezza e non \u00e8 stato coinvolto. Dell&#8217;accaduto ho prontamente informato il Ministro della Difesa Crosetto, col quale sono in costante contatto per l&#8217;aggiornamento continuo della situazione di tutti i nostri contingenti all&#8217;estero&#8221;. Cos\u00ec il capo di Stato maggiore della Difesa il generale Luciano Portolano, in una dichiarazione pubblicata su X dallo Stato maggiore della Difesa.<br \/>\n&#8220;Il dispositivo italiano della Task Force Air era stato preventivamente alleggerito nei giorni scorsi, nell&#8217;ambito delle misure adottate in relazione all&#8217;evoluzione del quadro di sicurezza nell&#8217;area. Il personale rimasto nella base \u00e8 impiegato per lo svolgimento delle attivit\u00e0 essenziali della missione. Il velivolo colpito costituiva un assetto indispensabile per lo svolgimento delle attivit\u00e0 operative ed era rimasto schierato nella base al fine di garantire la continuit\u00e0 delle operazioni. La situazione \u00e8 costantemente monitorata dal Capo di Stato maggiore della Difesa e dal Comando Operativo di Vertice Interforze (COVI), che mantengono un contatto continuo con i contingenti sul terreno&#8221;, ha concluso Portolano.<br \/>\nIl ministro degli Esteri Antonio Tajani, intervenuto a &#8220;Diario della domenica&#8221; su Rete4, ha sottolineato che &#8220;la base in Kuwait era gi\u00e0 stata attaccata pi\u00f9 volte e il numero del personale era stato ridotto. Questo attacco ha colpito un grande drone italiano ma nessun rischio per i nostri militari che erano gi\u00e0 al sicuro&#8221;. &#8220;Il Kuwait &#8211; aggiunge &#8211; \u00e8 un obiettivo militare dell&#8217;Iran per la presenza di basi americane noi stiamo riducendo il personale ma le missioni proseguono. Non ci facciamo intimorire perch\u00e8 arriva un drone. Manteniamo fede ai nostri impegni&#8221;.<br \/>\n-foto Ipa Agency-<br \/>\n(ITALPRESS).<\/div>\n<div id=\"div-gpt-ad-Messinaoggi.it-DSK-300x250-corpoart\" style=\"text-align:center;margin:0 auto;\"><\/div><\/p><div id=\"videoincontent\" style=\"clear:both\";><\/div>","protected":false},"excerpt":{"rendered":"<p>ROMA (ITALPRESS) &#8211; &#8220;Questa mattina la base di Ali Al Salem, in Kuwait, che ospita capacit\u00e0 e personale americano e italiano, \u00e8 stata oggetto di un attacco con drone che ha colpito uno shelter, all&#8217;interno del quale era ricoverato un velivolo a pilotaggio remoto della Task Force Air italiana, andato distrutto. Ho immediatamente sentito il [&hellip;]<\/p>\n","protected":false},"author":18,"featured_media":263134,"comment_status":"closed","ping_status":"closed","sticky":false,"template":"","format":"standard","meta":{"ub_ctt_via":"","_mi_skip_tracking":false},"categories":[446],"tags":[783],"featured_image_src":"https:\/\/www.messinaoggi.it\/website\/wp-content\/uploads\/2026\/03\/20260315_1395.jpg","author_info":{"display_name":"Admin","author_link":"https:\/\/www.messinaoggi.it\/website\/author\/admin\/"},"digistream_id":0,"digistream":false,"_links":{"self":[{"href":"https:\/\/www.messinaoggi.it\/website\/wp-json\/wp\/v2\/posts\/263133"}],"collection":[{"href":"https:\/\/www.messinaoggi.it\/website\/wp-json\/wp\/v2\/posts"}],"about":[{"href":"https:\/\/www.messinaoggi.it\/website\/wp-json\/wp\/v2\/types\/post"}],"author":[{"embeddable":true,"href":"https:\/\/www.messinaoggi.it\/website\/wp-json\/wp\/v2\/users\/18"}],"replies":[{"embeddable":true,"href":"https:\/\/www.messinaoggi.it\/website\/wp-json\/wp\/v2\/comments?post=263133"}],"version-history":[{"count":0,"href":"https:\/\/www.messinaoggi.it\/website\/wp-json\/wp\/v2\/posts\/263133\/revisions"}],"wp:featuredmedia":[{"embeddable":true,"href":"https:\/\/www.messinaoggi.it\/website\/wp-json\/wp\/v2\/media\/263134"}],"wp:attachment":[{"href":"https:\/\/www.messinaoggi.it\/website\/wp-json\/wp\/v2\/media?parent=263133"}],"wp:term":[{"taxonomy":"category","embeddable":true,"href":"https:\/\/www.messinaoggi.it\/website\/wp-json\/wp\/v2\/categories?post=263133"},{"taxonomy":"post_tag","embeddable":true,"href":"https:\/\/www.messinaoggi.it\/website\/wp-json\/wp\/v2\/tags?post=263133"}],"curies":[{"name":"wp","href":"https:\/\/api.w.org\/{rel}","templated":true}]}}