{"id":26311,"date":"2018-11-03T10:06:23","date_gmt":"2018-11-03T09:06:23","guid":{"rendered":"http:\/\/www.messinaoggi.it\/website\/?p=26311"},"modified":"2018-11-03T10:06:23","modified_gmt":"2018-11-03T09:06:23","slug":"sciacca-le-dimissioni-una-scelta-di-responsabilita","status":"publish","type":"post","link":"https:\/\/www.messinaoggi.it\/website\/2018\/11\/03\/sciacca-le-dimissioni-una-scelta-di-responsabilita\/","title":{"rendered":"Sciacca: &quot;Le dimissioni una scelta di responsabilit\u00e0&quot;"},"content":{"rendered":"<div style=\"text-align: justify;\"><span style=\"font-size: large;\">\u00abLa mia \u00e8 stata una scelta di responsabilit\u00e0 e di rispetto nei confronti degli elettori, alla luce delle delicate e improrogabili attivit\u00e0 professionali da espletare nei prossimi mesi, che non mi avrebbero permesso di svolgere a tempo pieno il mio ruolo di consigliere in un momento cruciale per le sorti della citt\u00e0. Ho deciso di fare un passo indietro nell\u2019interesse di Messina, nella ferma convinzione che chi prender\u00e0 il mio posto potr\u00e0 assicurare quell\u2019impegno costante che io non avrei potuto garantire per come avrei voluto, a fronte dei miei impegni lavorativi e degli oneri professionali a cui non intendo sottrarmi\u00bb. <\/span><\/div>\n<div style=\"text-align: justify;\"><span style=\"font-size: large;\">Cos\u00ec\u00a0<b>Gaetano Sciacca<\/b>\u00a0(M5S) commenta le dimissioni irrevocabili presentate questa mattina, con le quali ha deciso di rinunciare al suo incarico a Palazzo Zanca. \u00a0\u00a0<\/span><\/div>\n<div style=\"text-align: justify;\"><span style=\"font-size: large;\">\u00a0\u00a0<\/span><\/div>\n<div style=\"text-align: justify;\"><span style=\"font-size: large;\">\u00abLe mie dimissioni \u2013 prosegue &#8211; non hanno nulla a che vedere con le questioni sollevate a fini strumentali in merito alla mia presunta ineleggibilit\u00e0, incandidabilit\u00e0 o incompatibilit\u00e0, che ritengo infondate come gi\u00e0 evidenziato in tutte le difese predisposte innanzi alle competenti autorit\u00e0. La mia candidatura a sindaco, cos\u00ec come la successiva accettazione della carica di consigliere, \u00e8 avvenuta del resto con il parere favorevole di due assessorati (Funzione pubblica ed Enti locali). N\u00e9 tantomeno ha influito la segnalazione in merito al mio ruolo di Ispettore del Lavoro e di dirigente regionale. Al competente ufficio ed alla responsabile per la prevenzione della corruzione e per la trasparenza ho gi\u00e0 fornito i chiarimenti che mi sono stati richiesti. La mia \u00e8 stata una decisione sofferta, maturata nel corso degli ultimi giorni\u00bb, conclude Sciacca, che ribadisce la sua comunanza d\u2019intenti con il gruppo consiliare e l\u2019intero Movimento. \u00abNon mi interessa occupare una \u201cpoltrona\u201d \u2013 sottolinea \u2013 Quel che conta \u00e8 la condivisione di principi, valori e obiettivi politici, sia a livello locale che nazionale, per i quali continuer\u00f2 a battermi da militante e da comune cittadino\u00bb.<\/span><\/div>\n<div id=\"div-gpt-ad-Messinaoggi.it-DSK-300x250-corpoart\" style=\"text-align:center;margin:0 auto;\"><\/div><\/p><div id=\"videoincontent\" style=\"clear:both\";><\/div>","protected":false},"excerpt":{"rendered":"<p>\u00abLa mia \u00e8 stata una scelta di responsabilit\u00e0 e di rispetto nei confronti degli elettori, alla luce delle delicate e improrogabili attivit\u00e0 professionali da espletare nei prossimi mesi, che non mi avrebbero permesso di svolgere a tempo pieno il mio ruolo di consigliere in un momento cruciale per le sorti della citt\u00e0. Ho deciso di [&hellip;]<\/p>\n","protected":false},"author":2,"featured_media":13394,"comment_status":"closed","ping_status":"open","sticky":false,"template":"","format":"standard","meta":{"ub_ctt_via":"","_mi_skip_tracking":false},"categories":[4],"tags":[],"featured_image_src":"https:\/\/www.messinaoggi.it\/website\/wp-content\/uploads\/2017\/12\/ing-gaetano-sciacca-RRP_7826.jpg","author_info":{"display_name":"Redazione","author_link":"https:\/\/www.messinaoggi.it\/website\/author\/redazione\/"},"digistream_id":0,"digistream":false,"_links":{"self":[{"href":"https:\/\/www.messinaoggi.it\/website\/wp-json\/wp\/v2\/posts\/26311"}],"collection":[{"href":"https:\/\/www.messinaoggi.it\/website\/wp-json\/wp\/v2\/posts"}],"about":[{"href":"https:\/\/www.messinaoggi.it\/website\/wp-json\/wp\/v2\/types\/post"}],"author":[{"embeddable":true,"href":"https:\/\/www.messinaoggi.it\/website\/wp-json\/wp\/v2\/users\/2"}],"replies":[{"embeddable":true,"href":"https:\/\/www.messinaoggi.it\/website\/wp-json\/wp\/v2\/comments?post=26311"}],"version-history":[{"count":0,"href":"https:\/\/www.messinaoggi.it\/website\/wp-json\/wp\/v2\/posts\/26311\/revisions"}],"wp:featuredmedia":[{"embeddable":true,"href":"https:\/\/www.messinaoggi.it\/website\/wp-json\/wp\/v2\/media\/13394"}],"wp:attachment":[{"href":"https:\/\/www.messinaoggi.it\/website\/wp-json\/wp\/v2\/media?parent=26311"}],"wp:term":[{"taxonomy":"category","embeddable":true,"href":"https:\/\/www.messinaoggi.it\/website\/wp-json\/wp\/v2\/categories?post=26311"},{"taxonomy":"post_tag","embeddable":true,"href":"https:\/\/www.messinaoggi.it\/website\/wp-json\/wp\/v2\/tags?post=26311"}],"curies":[{"name":"wp","href":"https:\/\/api.w.org\/{rel}","templated":true}]}}