{"id":263102,"date":"2026-03-15T10:08:26","date_gmt":"2026-03-15T09:08:26","guid":{"rendered":"https:\/\/www.messinaoggi.it\/website\/2026\/03\/15\/iran-pasdaran-daremo-la-caccia-a-netanyahu-e-lo-uccideremo\/"},"modified":"2026-03-15T10:08:26","modified_gmt":"2026-03-15T09:08:26","slug":"iran-pasdaran-daremo-la-caccia-a-netanyahu-e-lo-uccideremo","status":"publish","type":"post","link":"https:\/\/www.messinaoggi.it\/website\/2026\/03\/15\/iran-pasdaran-daremo-la-caccia-a-netanyahu-e-lo-uccideremo\/","title":{"rendered":"Iran, Pasdaran \u201cDaremo la caccia a Netanyahu e lo uccideremo\u201d"},"content":{"rendered":"<div>MILANO (ITALPRESS) &#8211; &#8220;L&#8217;incertezza sul destino del criminale Primo Ministro sionista e la possibilit\u00e0 della sua morte o della sua fuga con la famiglia dai territori occupati rivelano la crisi e l&#8217;instabilit\u00e0 degli sionisti. Se questo criminale assassino di bambini \u00e8 ancora vivo, continueremo a dargli la caccia e a ucciderlo con tutte le nostre forze. Gli obiettivi dei criminali terroristi sionisti americani nel primo round di ingiusta vendetta di sangue per i martiri iraniani sono stati distrutti con forza e intensit\u00e0 nelle posizioni nei territori occupati e in 3 basi americane nella regione da un&#8217;operazione congiunta delle forze delle Guardie Rivoluzionarie&#8221;. Lo dicono ile Guardie Rivoluzionarie iraniane in un comunicato, riportato dall&#8217;agenzia Fars. &#8220;Il suono continuo delle sirene delle ambulanze e l&#8217;ammissione da parte delle istituzioni sioniste del crescente numero di morti e feriti a seguito di questa efficace operazione iraniana hanno rivelato la profondit\u00e0 dell&#8217;impatto dei missili pesanti delle Guardie Rivoluzionarie sui settori industriali di Tel Aviv. Anche i settori industriali e il centro di raduno delle forze americane presso le basi aeree di Harir a Erbil e le basi di Ali Salem e Arifjan sono stati distrutti da potenti missili e droni iraniani&#8221; aggiungono i pasdaran.<div id=\"div-gpt-ad-Messinaoggi.it-DSK-300x250-corpoart\" style=\"text-align:center;margin:0 auto;\"><\/div><\/p>\n<p>Foto: Ipa Agency<div id=\"videoincontent\" style=\"clear:both\";><\/div><\/p><\/div>\n","protected":false},"excerpt":{"rendered":"<p>MILANO (ITALPRESS) &#8211; &#8220;L&#8217;incertezza sul destino del criminale Primo Ministro sionista e la possibilit\u00e0 della sua morte o della sua fuga con la famiglia dai territori occupati rivelano la crisi e l&#8217;instabilit\u00e0 degli sionisti. Se questo criminale assassino di bambini \u00e8 ancora vivo, continueremo a dargli la caccia e a ucciderlo con tutte le nostre [&hellip;]<\/p>\n","protected":false},"author":18,"featured_media":263103,"comment_status":"closed","ping_status":"closed","sticky":false,"template":"","format":"standard","meta":{"ub_ctt_via":"","_mi_skip_tracking":false},"categories":[446],"tags":[783],"featured_image_src":"https:\/\/www.messinaoggi.it\/website\/wp-content\/uploads\/2026\/03\/20260315_0090.jpg","author_info":{"display_name":"Admin","author_link":"https:\/\/www.messinaoggi.it\/website\/author\/admin\/"},"digistream_id":0,"digistream":false,"_links":{"self":[{"href":"https:\/\/www.messinaoggi.it\/website\/wp-json\/wp\/v2\/posts\/263102"}],"collection":[{"href":"https:\/\/www.messinaoggi.it\/website\/wp-json\/wp\/v2\/posts"}],"about":[{"href":"https:\/\/www.messinaoggi.it\/website\/wp-json\/wp\/v2\/types\/post"}],"author":[{"embeddable":true,"href":"https:\/\/www.messinaoggi.it\/website\/wp-json\/wp\/v2\/users\/18"}],"replies":[{"embeddable":true,"href":"https:\/\/www.messinaoggi.it\/website\/wp-json\/wp\/v2\/comments?post=263102"}],"version-history":[{"count":0,"href":"https:\/\/www.messinaoggi.it\/website\/wp-json\/wp\/v2\/posts\/263102\/revisions"}],"wp:featuredmedia":[{"embeddable":true,"href":"https:\/\/www.messinaoggi.it\/website\/wp-json\/wp\/v2\/media\/263103"}],"wp:attachment":[{"href":"https:\/\/www.messinaoggi.it\/website\/wp-json\/wp\/v2\/media?parent=263102"}],"wp:term":[{"taxonomy":"category","embeddable":true,"href":"https:\/\/www.messinaoggi.it\/website\/wp-json\/wp\/v2\/categories?post=263102"},{"taxonomy":"post_tag","embeddable":true,"href":"https:\/\/www.messinaoggi.it\/website\/wp-json\/wp\/v2\/tags?post=263102"}],"curies":[{"name":"wp","href":"https:\/\/api.w.org\/{rel}","templated":true}]}}