{"id":263074,"date":"2026-03-14T15:48:24","date_gmt":"2026-03-14T14:48:24","guid":{"rendered":"https:\/\/www.messinaoggi.it\/website\/2026\/03\/14\/referendum-a-palermo-la-manifestazione-di-forza-italia-noi-votiamo-si\/"},"modified":"2026-03-14T15:48:24","modified_gmt":"2026-03-14T14:48:24","slug":"referendum-a-palermo-la-manifestazione-di-forza-italia-noi-votiamo-si","status":"publish","type":"post","link":"https:\/\/www.messinaoggi.it\/website\/2026\/03\/14\/referendum-a-palermo-la-manifestazione-di-forza-italia-noi-votiamo-si\/","title":{"rendered":"Referendum, a Palermo la manifestazione di Forza Italia \u201cNoi votiamo s\u00ec\u201d"},"content":{"rendered":"<div>\n<p>PALERMO (ITALPRESS) \u2013 \u201c<em>La nostra \u00e8 una battaglia contro le bugie di chi sostiene il no: c<strong>i dicono che vogliamo cambiare la Costituzione, come se fosse un peccato, ma \u00e8 ampiamente previsto dall\u2019articolo 138\u2033.<\/strong><\/em> Lo ha detto il presidente della Regione Siciliana <strong>Renato Schifani<\/strong> a \u201cNoi votiamo s\u00ec\u201d, la manifestazione organizzata da Forza Italia a Villa Malfitano, a Palermo. <em><strong>\u201cA noi non interessa cambiare i valori fondamentali della Costituzione ma la seconda parte, su cui si \u00e8 intervenuti diverse volte.<\/strong> Renzi sbagli\u00f2 quando trasform\u00f2 il referendum del 2016 in qualcosa a favore o contro il governo, Meloni ha fatto bene a non farlo. In quel modo Renzi compatt\u00f2 tutti i suoi oppositori\u201d<\/em>, ha aggiunto.<div id=\"div-gpt-ad-Messinaoggi.it-DSK-300x250-corpoart\" style=\"text-align:center;margin:0 auto;\"><\/div><\/p>\n<p><strong><em>\u201c<\/em><\/strong><em><strong>Il mio appello \u00e8 di andare a votare:<\/strong> gli ultimi dati ci dicono che la partita \u00e8 ancora, aperta quindi occorre una mobilitazione per portare la gente a votare perch\u00e9 una buona percentuale di indecisi tende a non votare. Pi\u00f9 alta sar\u00e0 la percentuale di votanti pi\u00f9 il s\u00ec avr\u00e0 la possibilit\u00e0 di vincere\u201d<\/em>, ha dichiarato a margine dell\u2019evento.<div id=\"videoincontent\" style=\"clear:both\";><\/div><\/p>\n<h3><b> TAJANI \u201cNECESSARIO ADEGUARE GIUSTIZIA A TEMPI DEMOCRAZIA\u201d<\/b><\/h3>\n<p><em>\u201cSiamo riuniti dal sud al nord d\u2019Italia per presentare le ragioni del s\u00ec in mezzo alla gente: stiamo combattendo insieme una grande battaglia di libert\u00e0\u201d.<\/em>\u00a0Lo afferma il vicepremier e ministro degli Esteri\u00a0<strong>Antonio Tajani<\/strong> in collegamento con Noi votiamo s\u00ec.<\/p>\n<p><strong>\u201c<em>I magistrati che dicono di votare s\u00ec rischiano di farsi qualche nemico all\u2019interno delle correnti<\/em><\/strong>\u00a0\u2013 prosegue Tajani, \u2013<em>\u00a0Al contrario di quanto dice Gratteri, noi non dobbiamo fare i conti con nessuno. Dobbiamo adeguare il sistema giudiziario del nostro paese ai tempi della democrazia: non vogliamo assolutamente i pubblici ministeri sotto il controllo dell\u2019esecutivo, ma l\u2019esatto contrario.\u00a0<strong>Chi amministra la giustizia deve farla nel supremo interesse di ogni singolo cittadino<\/strong>: noi vogliamo ridare sacralit\u00e0 alla toga, perch\u00e9 se viene tirata da una parte e dall\u2019altra da interessi di corrente non \u00e8 pi\u00f9 al di sopra delle parti. Al contempo vogliamo che ogni magistrato, al pari dei cittadini, sia sottoposto a un giudizio quando commette errori: ognuno di noi sbaglia e se lo fa viene sanzionato, non si capisce perch\u00e9 se lo fa un magistrato non venga sanzionato; la legge deve essere uguale per tutti, ma chi giudica un magistrato non pu\u00f2 essere lo stesso che lo promuove\u201d<\/em>, ha aggiunto Tajani.<\/p>\n<p><em>\u201cSe il colpevole sta fuori e l\u2019innocente sta in galera c\u2019\u00e8 qualcosa che non va<\/em>\u00a0\u2013 sottilinea il leader di Forza Italia -:\u00a0<em><strong>questa riforma deve mettere chi sbaglia in condizione di assumersi le proprie responsabilit\u00e0<\/strong>; chiunque entri in un\u2019aula di tribunale deve sentirsi non intimorito ma libero di essere giudicato. Votare s\u00ec significa dare un messaggio positivo: in questa campagna \u00e8 capitato che siano stati usati toni pi\u00f9 forti, ma mai nella mia vita ho detto a qualcuno \u2018facciamo i conti dopo il risultato elettorale\u2019, n\u00e9 mi faccio intimorire da chi dice ci\u00f2 e mi dispiace che a dirlo sia un magistrato anti camorra. Il popolo deve giudicare questa riforma, il governo verr\u00e0 giudicato l\u2019anno prossimo\u201d.<\/em><\/p>\n<h3><b>MUL\u00c8 \u201cSINISTRA TENTA D\u2019INQUINARE DIBATTITO RACCONTANDO FROTTOLE\u201d<\/b><\/h3>\n<p><em>\u201cTutti noi abbiamo il compito di dissotterrare le falsit\u00e0 e le bugie intorno alla riforma: non reclutiamo soldati, ma paladini di libert\u00e0 che hanno chiaro il motivo per cui andare a votare\u201d.<\/em> Cos\u00ec il <strong>deputato e responsabile della campagna referendaria del s\u00ec per Forza Italia, Giorgio Mul\u00e8<\/strong>, in collegamento con la manifestazione organizzata dal partito a Villa Malfitano a Palermo. <em>\u201cA Palermo si sa perfettamente perch\u00e9 questa giustizia deve essere riveduta e corretta. Bisogna uscire da una logica fascista: chi sostiene questa riforma \u00e8 pienamente antifascista\u201d<\/em>, aggiunge.<em> \u201cFino al 2022 nel programma del Pd c\u2019era l\u2019alta Corte disciplinare per i magistrati, oggi hanno rinnegato tutto buttando la loro storia: c\u2019\u00e8 per\u00f2 un\u2019enorme fetta del Pd di ieri e di oggi che la pensa come noi\u201d<\/em>, osserva.<\/p>\n<p>Per Mul\u00e8<em> \u201cla sinistra tenta di inquinare il dibattito raccontando frottole: la Costituzione non \u00e8 una reliquia da venerare, ma cambia e va cambiata. Questa riforma non tocca l\u2019obbligatoriet\u00e0 dell\u2019azione penale, con buona pace di Conte: le correnti sono la metastasi del sistema giudiziario. Forza Italia non negozia i suoi valori sull\u2019altare di una partita politica, come fanno Pd e M5S\u201d<\/em>, conclude.<\/p>\n<p>\u2013 Foto xd8\/Italpress \u2013<br \/>\n(ITALPRESS).<\/p>\n<\/div>\n","protected":false},"excerpt":{"rendered":"<p>PALERMO (ITALPRESS) \u2013 \u201cLa nostra \u00e8 una battaglia contro le bugie di chi sostiene il no: ci dicono che vogliamo cambiare la Costituzione, come se fosse un peccato, ma \u00e8 ampiamente previsto dall\u2019articolo 138\u2033. Lo ha detto il presidente della Regione Siciliana Renato Schifani a \u201cNoi votiamo s\u00ec\u201d, la manifestazione organizzata da Forza Italia a [&hellip;]<\/p>\n","protected":false},"author":18,"featured_media":263075,"comment_status":"closed","ping_status":"closed","sticky":false,"template":"","format":"standard","meta":{"ub_ctt_via":"","_mi_skip_tracking":false},"categories":[2449],"tags":[783],"featured_image_src":"https:\/\/www.messinaoggi.it\/website\/wp-content\/uploads\/2026\/03\/referendum-sicilia.jpeg","author_info":{"display_name":"Admin","author_link":"https:\/\/www.messinaoggi.it\/website\/author\/admin\/"},"digistream_id":0,"digistream":false,"_links":{"self":[{"href":"https:\/\/www.messinaoggi.it\/website\/wp-json\/wp\/v2\/posts\/263074"}],"collection":[{"href":"https:\/\/www.messinaoggi.it\/website\/wp-json\/wp\/v2\/posts"}],"about":[{"href":"https:\/\/www.messinaoggi.it\/website\/wp-json\/wp\/v2\/types\/post"}],"author":[{"embeddable":true,"href":"https:\/\/www.messinaoggi.it\/website\/wp-json\/wp\/v2\/users\/18"}],"replies":[{"embeddable":true,"href":"https:\/\/www.messinaoggi.it\/website\/wp-json\/wp\/v2\/comments?post=263074"}],"version-history":[{"count":0,"href":"https:\/\/www.messinaoggi.it\/website\/wp-json\/wp\/v2\/posts\/263074\/revisions"}],"wp:featuredmedia":[{"embeddable":true,"href":"https:\/\/www.messinaoggi.it\/website\/wp-json\/wp\/v2\/media\/263075"}],"wp:attachment":[{"href":"https:\/\/www.messinaoggi.it\/website\/wp-json\/wp\/v2\/media?parent=263074"}],"wp:term":[{"taxonomy":"category","embeddable":true,"href":"https:\/\/www.messinaoggi.it\/website\/wp-json\/wp\/v2\/categories?post=263074"},{"taxonomy":"post_tag","embeddable":true,"href":"https:\/\/www.messinaoggi.it\/website\/wp-json\/wp\/v2\/tags?post=263074"}],"curies":[{"name":"wp","href":"https:\/\/api.w.org\/{rel}","templated":true}]}}