{"id":263055,"date":"2026-03-14T09:25:00","date_gmt":"2026-03-14T08:25:00","guid":{"rendered":"http:\/\/www.messinaoggi.it\/website\/?p=263055"},"modified":"2026-03-14T09:25:11","modified_gmt":"2026-03-14T08:25:11","slug":"mercati-finocchiaro-contro-scurria-ma-affonda-nel-vascone","status":"publish","type":"post","link":"https:\/\/www.messinaoggi.it\/website\/2026\/03\/14\/mercati-finocchiaro-contro-scurria-ma-affonda-nel-vascone\/","title":{"rendered":"Mercati: Finocchiaro contro Scurria, ma affonda nel &#8220;Vascone&#8221;"},"content":{"rendered":"\n<p>Quando a Messina tocchi l&#8217;argomento dei mercati viene subito in mente il Vascone, all&#8217;interno del quale \u00e8 affondato politicamente l&#8217;assessore Massimo Finocchiaro.  Il mercato di Provinciale confinato in un parcheggio lurido, in attesa dei lavori di ristrutturazione dell&#8217;area del Vascone. Lavori iniziati, poi interrotti, ripresi, contenziosi e ulteriore rinvio (prima dell&#8217;abbandono di Basile), alla prossima estate.<div id=\"div-gpt-ad-Messinaoggi.it-DSK-300x250-corpoart\" style=\"text-align:center;margin:0 auto;\"><\/div><\/p>\n\n\n\n<p>Insomma un autentico disastro che confina i mercatali in una baraccopoli sporca.<div id=\"videoincontent\" style=\"clear:both\";><\/div><\/p>\n\n\n\n<p>Ieri il candidato del centrodestra ha iniziato a visitare i mercati e la risposta piccata dell&#8217;ex assessore non s&#8217;\u00e8 fatta attendere.<\/p>\n\n\n\n<p>&#8220;La riqualificazione dei mercati non pu\u00f2 diventare terreno di scontro per fare caciara. La riqualificazione \u00e8 un dovere in primis nei confronti di chi ci lavora e inoltre nei confronti degli avventori. \u00c8 un impegno che abbiamo preso e che stiamo portando avanti, con tutte le criticit\u00e0 che si possono presentare a chi amministra davvero e non con qualche video-narrazione dove si promette un futuro fantastico \u201csulla parola\u201d.<\/p>\n\n\n\n<p>Lo dichiara l\u2019ex assessore Massimo Finocchiaro, intervenendo sul tema degli interventi di riqualificazione dei mercati cittadini.<\/p>\n\n\n\n<p>L&#8217;amministrazione comunale ha sviluppato importanti azioni di riqualificazione dei mercati cittadini, a cominciare dal Muricello, per arrivare allo Zaera e poi al Vascone.<\/p>\n\n\n\n<p>Sul mercato Sant&#8217;Orsola i soliti disattenti non hanno avuto l&#8217;accortezza di seguire le vicissitudini di un contenzioso decennale con l&#8217;ASP, risoltosi solo qualche settimana fa grazie proprio all&#8217;impegno e alla determinazione che abbiamo messo in ogni azione.<\/p>\n\n\n\n<p>Il mercato di Muricello oggi comincia a essere considerato un fiore all&#8217;occhiello della nostra comunit\u00e0. Sta subendo una trasformazione significativa ed \u00e8 diventato punto di incontro e di inclusione anche per tante attivit\u00e0 extra mercatali.<\/p>\n\n\n\n<p>I lavori al cantiere del Vascone stanno procedendo spediti e prevediamo di completare l&#8217;intervento entro il mese di giugno, restituendo cos\u00ec alla citt\u00e0 uno spazio rinnovato e accogliente.<\/p>\n\n\n\n<p>Per quanto riguarda il mercato di Sant&#8217;Orsola, dopo la risoluzione del contenzioso, avendo acquisito la propriet\u00e0 dell&#8217;intera area possiamo finalmente dare seguito a tutti gli atti utili e necessari per portare avanti il progetto esecutivo, gi\u00e0 in nostro possesso. L&#8217;importo dei lavori che andranno a bando dovrebbe essere di circa 5 milioni.<\/p>\n\n\n\n<p>\u00abCari detrattori, siamo impegnati a garantire che questi progetti e la nostra azione non solo migliorino l&#8217;estetica dei mercati, ma offrano anche nuove opportunit\u00e0 per i commercianti e per i cittadini\u00bb.<\/p>\n\n\n\n<p>Per quanto riguarda le aree del mercato di Giostra, sono gi\u00e0 in essere tutta una serie di attivit\u00e0 degli uffici del SUAP e della Polizia municipale per un nuovo censimento degli operatori autorizzati e una eventuale armonizzazione delle aree.<\/p>\n","protected":false},"excerpt":{"rendered":"<p>Quando a Messina tocchi l&#8217;argomento dei mercati viene subito in mente il Vascone, all&#8217;interno del quale \u00e8 affondato politicamente l&#8217;assessore Massimo Finocchiaro. Il mercato di Provinciale confinato in un parcheggio lurido, in attesa dei lavori di ristrutturazione dell&#8217;area del Vascone. Lavori iniziati, poi interrotti, ripresi, contenziosi e ulteriore rinvio (prima dell&#8217;abbandono di Basile), alla prossima [&hellip;]<\/p>\n","protected":false},"author":2,"featured_media":51921,"comment_status":"open","ping_status":"open","sticky":false,"template":"","format":"standard","meta":{"ub_ctt_via":"","_mi_skip_tracking":false},"categories":[19],"tags":[833,12992,3375,5161,12993],"featured_image_src":"https:\/\/www.messinaoggi.it\/website\/wp-content\/uploads\/2021\/01\/mercato-vascone.jpg","author_info":{"display_name":"Redazione","author_link":"https:\/\/www.messinaoggi.it\/website\/author\/redazione\/"},"digistream_id":0,"digistream":false,"_links":{"self":[{"href":"https:\/\/www.messinaoggi.it\/website\/wp-json\/wp\/v2\/posts\/263055"}],"collection":[{"href":"https:\/\/www.messinaoggi.it\/website\/wp-json\/wp\/v2\/posts"}],"about":[{"href":"https:\/\/www.messinaoggi.it\/website\/wp-json\/wp\/v2\/types\/post"}],"author":[{"embeddable":true,"href":"https:\/\/www.messinaoggi.it\/website\/wp-json\/wp\/v2\/users\/2"}],"replies":[{"embeddable":true,"href":"https:\/\/www.messinaoggi.it\/website\/wp-json\/wp\/v2\/comments?post=263055"}],"version-history":[{"count":1,"href":"https:\/\/www.messinaoggi.it\/website\/wp-json\/wp\/v2\/posts\/263055\/revisions"}],"predecessor-version":[{"id":263056,"href":"https:\/\/www.messinaoggi.it\/website\/wp-json\/wp\/v2\/posts\/263055\/revisions\/263056"}],"wp:featuredmedia":[{"embeddable":true,"href":"https:\/\/www.messinaoggi.it\/website\/wp-json\/wp\/v2\/media\/51921"}],"wp:attachment":[{"href":"https:\/\/www.messinaoggi.it\/website\/wp-json\/wp\/v2\/media?parent=263055"}],"wp:term":[{"taxonomy":"category","embeddable":true,"href":"https:\/\/www.messinaoggi.it\/website\/wp-json\/wp\/v2\/categories?post=263055"},{"taxonomy":"post_tag","embeddable":true,"href":"https:\/\/www.messinaoggi.it\/website\/wp-json\/wp\/v2\/tags?post=263055"}],"curies":[{"name":"wp","href":"https:\/\/api.w.org\/{rel}","templated":true}]}}