{"id":263047,"date":"2026-03-13T22:08:30","date_gmt":"2026-03-13T21:08:30","guid":{"rendered":"https:\/\/www.messinaoggi.it\/website\/2026\/03\/13\/iran-tajani-nessuna-trattativa-per-passaggio-navi-italiane-in-stretto-hormuz\/"},"modified":"2026-03-13T22:08:30","modified_gmt":"2026-03-13T21:08:30","slug":"iran-tajani-nessuna-trattativa-per-passaggio-navi-italiane-in-stretto-hormuz","status":"publish","type":"post","link":"https:\/\/www.messinaoggi.it\/website\/2026\/03\/13\/iran-tajani-nessuna-trattativa-per-passaggio-navi-italiane-in-stretto-hormuz\/","title":{"rendered":"Iran, Tajani \u201cNessuna trattativa per passaggio navi italiane in Stretto Hormuz\u201d"},"content":{"rendered":"<div>MILANO (ITALPRESS) &#8211; &#8220;Non stiamo trattando con l&#8217;Iran per far passare navi italiane nello Stretto di Hormuz&#8221;. Lo ha detto il ministro degli esteri Antonio Tajani nel corso della trasmissione &#8220;10 minuti&#8221; su Rete 4, rispondendo a una domanda su un articolo del Financial Times. Il governo non tratta con l&#8217;Iran, &#8220;anche perch\u00e8 sarebbe molto complicato&#8221; far passare le navi dallo Stretto, &#8220;c&#8217;\u00e8 uno stato di guerra&#8221;. L&#8217;Italia &#8220;va avanti per la de-escalation, spingendo perch\u00e8 si raggiunga un accordo tra le parti che porti al blocco della realizzazione dell&#8217;arma atomica da parte dell&#8217;Iran&#8221;. <br \/>-foto Ipa Agency-<br \/>(ITALPRESS).<\/div>\n<div id=\"div-gpt-ad-Messinaoggi.it-DSK-300x250-corpoart\" style=\"text-align:center;margin:0 auto;\"><\/div><\/p><div id=\"videoincontent\" style=\"clear:both\";><\/div>","protected":false},"excerpt":{"rendered":"<p>MILANO (ITALPRESS) &#8211; &#8220;Non stiamo trattando con l&#8217;Iran per far passare navi italiane nello Stretto di Hormuz&#8221;. Lo ha detto il ministro degli esteri Antonio Tajani nel corso della trasmissione &#8220;10 minuti&#8221; su Rete 4, rispondendo a una domanda su un articolo del Financial Times. Il governo non tratta con l&#8217;Iran, &#8220;anche perch\u00e8 sarebbe molto [&hellip;]<\/p>\n","protected":false},"author":18,"featured_media":263048,"comment_status":"closed","ping_status":"closed","sticky":false,"template":"","format":"standard","meta":{"ub_ctt_via":"","_mi_skip_tracking":false},"categories":[446],"tags":[783],"featured_image_src":"https:\/\/www.messinaoggi.it\/website\/wp-content\/uploads\/2026\/03\/20260313_2751.jpg","author_info":{"display_name":"Admin","author_link":"https:\/\/www.messinaoggi.it\/website\/author\/admin\/"},"digistream_id":0,"digistream":false,"_links":{"self":[{"href":"https:\/\/www.messinaoggi.it\/website\/wp-json\/wp\/v2\/posts\/263047"}],"collection":[{"href":"https:\/\/www.messinaoggi.it\/website\/wp-json\/wp\/v2\/posts"}],"about":[{"href":"https:\/\/www.messinaoggi.it\/website\/wp-json\/wp\/v2\/types\/post"}],"author":[{"embeddable":true,"href":"https:\/\/www.messinaoggi.it\/website\/wp-json\/wp\/v2\/users\/18"}],"replies":[{"embeddable":true,"href":"https:\/\/www.messinaoggi.it\/website\/wp-json\/wp\/v2\/comments?post=263047"}],"version-history":[{"count":0,"href":"https:\/\/www.messinaoggi.it\/website\/wp-json\/wp\/v2\/posts\/263047\/revisions"}],"wp:featuredmedia":[{"embeddable":true,"href":"https:\/\/www.messinaoggi.it\/website\/wp-json\/wp\/v2\/media\/263048"}],"wp:attachment":[{"href":"https:\/\/www.messinaoggi.it\/website\/wp-json\/wp\/v2\/media?parent=263047"}],"wp:term":[{"taxonomy":"category","embeddable":true,"href":"https:\/\/www.messinaoggi.it\/website\/wp-json\/wp\/v2\/categories?post=263047"},{"taxonomy":"post_tag","embeddable":true,"href":"https:\/\/www.messinaoggi.it\/website\/wp-json\/wp\/v2\/tags?post=263047"}],"curies":[{"name":"wp","href":"https:\/\/api.w.org\/{rel}","templated":true}]}}