{"id":263031,"date":"2026-03-13T16:08:20","date_gmt":"2026-03-13T15:08:20","guid":{"rendered":"https:\/\/www.messinaoggi.it\/website\/2026\/03\/13\/conceicao-la-juve-e-piu-forte-di-roma-e-como-dimostriamolo\/"},"modified":"2026-03-13T16:08:20","modified_gmt":"2026-03-13T15:08:20","slug":"conceicao-la-juve-e-piu-forte-di-roma-e-como-dimostriamolo","status":"publish","type":"post","link":"https:\/\/www.messinaoggi.it\/website\/2026\/03\/13\/conceicao-la-juve-e-piu-forte-di-roma-e-como-dimostriamolo\/","title":{"rendered":"Conceicao \u201cLa Juve \u00e8 pi\u00f9 forte di Roma e Como, dimostriamolo\u201d"},"content":{"rendered":"<div>TORINO (ITALPRESS) &#8211; <strong>&#8220;<\/strong><em><strong>Per me siamo pi\u00f9 forti della Roma e del Como<\/strong> ma lo dobbiamo dimostrare in campo in queste ultime partite del campionato. Dobbiamo dare continuit\u00e0 ai recenti risultati e puntare a ottenere un posto nella prossima Champions League&#8221;.<\/em> Cos\u00ec, in conferenza stampa,<strong> Francisco Conceicao<\/strong>, alla vigilia della sfida <strong>Udinese-Juventus.<\/strong> <em>&#8220;La unione del gruppo \u00e8 alla base di tutto. Contiamo proprio sul nostro spirito di gruppo per fare bene in questo finale di stagione. Siamo convinti di quello che stiamo facendo. Vediamo tutti che stiamo giocando bene e dobbiamo continuare lungo questa strada&#8221;<\/em>, ha aggiunto il portoghese.<div id=\"div-gpt-ad-Messinaoggi.it-DSK-300x250-corpoart\" style=\"text-align:center;margin:0 auto;\"><\/div><\/p>\n<p>&#8220;<em>L&#8217;Udinese \u00e8 una squadra forte, soprattutto in casa. E&#8217; una squadra tosta e molto fisica. Noi andiamo l\u00ec con la convinzione di poter fare bene e di vincere, per continuare il nostro percorso&#8221;<\/em>, ha detto ancora Conceicao.<div id=\"videoincontent\" style=\"clear:both\";><\/div><\/p>\n<p><strong><em> &#8220;Dusan Vlahovic \u00e8 un calciatore molto forte.<\/em><\/strong><em> Ci \u00e8 mancato tanto. Sta sempre meglio. Speriamo che ritorni presto, e nelle migliori condizioni, dopo l&#8217;ultimo infortunio. La squadra gioca bene, ripeto, proviamo ad avere sempre noi il pallino del gioco. Creiamo tante occasioni, ma dobbiamo fare di pi\u00f9. Dobbiamo continuare a lavorare e cercare di vincere tutte le prossime partite<\/em>&#8220;, ha precisato poi lo juventino.<\/p>\n<p>Sulle recenti suggestive idee di mercato, quindi, ha affermato:<em><strong> &#8220;Bernardo Silva alla Juve? Io lo conosco molto bene, \u00e8 un giocatore molto forte<\/strong>. Non ho mai parlato con lui di queste cose. Non so se la Juve lo sta cercando per il futuro. Ma se mi dovesse chiedere qualche cosa gli direi che questo \u00e8 un grande club e che qui vogliamo vincere&#8221;.<\/em><\/p>\n<p>In chiusura, quasi un pensiero fisso per Conceicao: <em>&#8220;La cosa pi\u00f9 importante \u00e8 che a fine stagione riusciamo a conquistare un posto in Champions League. Sappiamo che abbiamo le qualit\u00e0 per andarci a prendere il nostro obiettivo e che abbiamo le doti per stare l\u00ec al quarto posto. Dobbiamo vincere pi\u00f9 partite possibili e riuscire a centrare il nostro traguardo&#8221;.<br \/>\n<\/em><br \/>\n&#8211; foto Ipa Agency &#8211;<br \/>\n(ITALPRESS).<\/div>\n","protected":false},"excerpt":{"rendered":"<p>TORINO (ITALPRESS) &#8211; &#8220;Per me siamo pi\u00f9 forti della Roma e del Como ma lo dobbiamo dimostrare in campo in queste ultime partite del campionato. Dobbiamo dare continuit\u00e0 ai recenti risultati e puntare a ottenere un posto nella prossima Champions League&#8221;. Cos\u00ec, in conferenza stampa, Francisco Conceicao, alla vigilia della sfida Udinese-Juventus. &#8220;La unione del [&hellip;]<\/p>\n","protected":false},"author":18,"featured_media":263032,"comment_status":"closed","ping_status":"closed","sticky":false,"template":"","format":"standard","meta":{"ub_ctt_via":"","_mi_skip_tracking":false},"categories":[446],"tags":[783],"featured_image_src":"https:\/\/www.messinaoggi.it\/website\/wp-content\/uploads\/2026\/03\/20260313_1180.jpg","author_info":{"display_name":"Admin","author_link":"https:\/\/www.messinaoggi.it\/website\/author\/admin\/"},"digistream_id":0,"digistream":false,"_links":{"self":[{"href":"https:\/\/www.messinaoggi.it\/website\/wp-json\/wp\/v2\/posts\/263031"}],"collection":[{"href":"https:\/\/www.messinaoggi.it\/website\/wp-json\/wp\/v2\/posts"}],"about":[{"href":"https:\/\/www.messinaoggi.it\/website\/wp-json\/wp\/v2\/types\/post"}],"author":[{"embeddable":true,"href":"https:\/\/www.messinaoggi.it\/website\/wp-json\/wp\/v2\/users\/18"}],"replies":[{"embeddable":true,"href":"https:\/\/www.messinaoggi.it\/website\/wp-json\/wp\/v2\/comments?post=263031"}],"version-history":[{"count":0,"href":"https:\/\/www.messinaoggi.it\/website\/wp-json\/wp\/v2\/posts\/263031\/revisions"}],"wp:featuredmedia":[{"embeddable":true,"href":"https:\/\/www.messinaoggi.it\/website\/wp-json\/wp\/v2\/media\/263032"}],"wp:attachment":[{"href":"https:\/\/www.messinaoggi.it\/website\/wp-json\/wp\/v2\/media?parent=263031"}],"wp:term":[{"taxonomy":"category","embeddable":true,"href":"https:\/\/www.messinaoggi.it\/website\/wp-json\/wp\/v2\/categories?post=263031"},{"taxonomy":"post_tag","embeddable":true,"href":"https:\/\/www.messinaoggi.it\/website\/wp-json\/wp\/v2\/tags?post=263031"}],"curies":[{"name":"wp","href":"https:\/\/api.w.org\/{rel}","templated":true}]}}