{"id":26300,"date":"2018-11-02T18:24:20","date_gmt":"2018-11-02T17:24:20","guid":{"rendered":"http:\/\/www.messinaoggi.it\/website\/?p=26300"},"modified":"2018-11-02T18:24:20","modified_gmt":"2018-11-02T17:24:20","slug":"commissione-servizi-sociali-fp-cgil-ok-internalizzare-ma-nuova-gestione-da-gennaio-2019-potrebbe-avere-oltre-506-lavoratori","status":"publish","type":"post","link":"https:\/\/www.messinaoggi.it\/website\/2018\/11\/02\/commissione-servizi-sociali-fp-cgil-ok-internalizzare-ma-nuova-gestione-da-gennaio-2019-potrebbe-avere-oltre-506-lavoratori\/","title":{"rendered":"Commissione Servizi Sociali, FP Cgil: \u201cOk internalizzare ma nuova gestione da gennaio 2019 potrebbe avere oltre 506 lavoratori\u201d"},"content":{"rendered":"<p style=\"text-align: justify\">Non c\u2019\u00e8 traccia \u201cufficiale\u201d in commissione servizi sociali della proposta di internalizzazione presentata lo scorso fine settimana, in pi\u00f9 i lavoratori da assorbire potrebbero essere pi\u00f9 di 506. Proprio in sede di commissione, non \u00e8 stato possibile entrare nel merito di nessuno degli argomenti contenuti nel documento. La FP CGIL, pur supportando l\u2019internalizzazione, evidenzia la necessit\u00e0 di approfondire molteplici aspetti.<div id=\"div-gpt-ad-Messinaoggi.it-DSK-300x250-corpoart\" style=\"text-align:center;margin:0 auto;\"><\/div><\/p>\n<p style=\"text-align: justify\">\u00abAbbiamo letto con attenzione la proposta d\u2019internalizzazione avanzata dall\u2019Amministrazione e pur condividendone, come d\u2019altra parte abbiamo sempre detto, il principio generale, quello cio\u00e8 della disintermediazione delle cooperative, riteniamo che da oggi al 31 dicembre 2018, ultimo giorno, secondo quanto detto dal sindaco, del vecchio sistema di gestione, ci sia davvero molto da lavorare per tutelare i lavoratori di tutti i servizi, nessuno escluso. Per la verit\u00e0, dopo oltre 40 ore di confronto e 20 ore di diretta FB, credevamo che la proposta fosse gi\u00e0 pronta ed invece neanche i consiglieri sanno ancora di cosa parliamo\u00bb. Questo il commento di Francesco Fucile ed Elena De Pasquale, rispettivamente segretario generale e responsabile del comparto servizi sociali della FP CGIL, al termine della seduta di commissione di questa mattina. Una seduta nel corso della quale non \u00e8 stato possibile entrare nel merito delle questioni, non essendo ancora stata inoltrata, ai consiglieri comunali, la proposta in oggetto. \u00abCi sono molti aspetti da tenere in considerazione \u2013 hanno affermato Fucile e De Pasquale \u2013 ma prima di ogni altra cosa \u00e8 necessario comprendere quali siano i profili professionali ricompresi nella quota di 506 lavoratori di cui si parla nella proposta. Abbiamo l\u2019impressione, infatti, che la cifra possa essere superiore\u00bb. Per i rappresentanti della FP CGIL qualche chiarimento in pi\u00f9 \u00e8 necessario averlo anche rispetto alla data del 31.12.2016, indicata, nel documento, come ultimo termine utile di assunzione per i lavoratori che dovranno transitare nell\u2019Agenzia.<div id=\"videoincontent\" style=\"clear:both\";><\/div><\/p>\n<p style=\"text-align: justify\">\u00abQuesti sono solo alcuni dei punti di cui bisogner\u00e0 discutere Cogliendo l\u2019\u201cinvito\u201d dell\u2019Assessore a fornire il nostro contributo al tavolo, possiamo rassicurarla sul fatto che ci saremo, e\u00a0 faremo valere la posizione di coloro che rappresentiamo e che ad oggi, da una prima lettura, sembrano non essere stati considerati\u00bb<\/p>\n","protected":false},"excerpt":{"rendered":"<p>Non c\u2019\u00e8 traccia \u201cufficiale\u201d in commissione servizi sociali della proposta di internalizzazione presentata lo scorso fine settimana, in pi\u00f9 i lavoratori da assorbire potrebbero essere pi\u00f9 di 506. Proprio in sede di commissione, non \u00e8 stato possibile entrare nel merito di nessuno degli argomenti contenuti nel documento. La FP CGIL, pur supportando l\u2019internalizzazione, evidenzia la [&hellip;]<\/p>\n","protected":false},"author":7,"featured_media":26301,"comment_status":"closed","ping_status":"open","sticky":false,"template":"","format":"standard","meta":{"ub_ctt_via":"","_mi_skip_tracking":false},"categories":[6],"tags":[],"featured_image_src":"https:\/\/www.messinaoggi.it\/website\/wp-content\/uploads\/2018\/11\/Anziani-in-un-prato-accompagnati-a-braccetto-isole-felicita-messinaoggiMR.jpg","author_info":{"display_name":"Redazione1","author_link":"https:\/\/www.messinaoggi.it\/website\/author\/redazione1\/"},"digistream_id":0,"digistream":false,"_links":{"self":[{"href":"https:\/\/www.messinaoggi.it\/website\/wp-json\/wp\/v2\/posts\/26300"}],"collection":[{"href":"https:\/\/www.messinaoggi.it\/website\/wp-json\/wp\/v2\/posts"}],"about":[{"href":"https:\/\/www.messinaoggi.it\/website\/wp-json\/wp\/v2\/types\/post"}],"author":[{"embeddable":true,"href":"https:\/\/www.messinaoggi.it\/website\/wp-json\/wp\/v2\/users\/7"}],"replies":[{"embeddable":true,"href":"https:\/\/www.messinaoggi.it\/website\/wp-json\/wp\/v2\/comments?post=26300"}],"version-history":[{"count":0,"href":"https:\/\/www.messinaoggi.it\/website\/wp-json\/wp\/v2\/posts\/26300\/revisions"}],"wp:featuredmedia":[{"embeddable":true,"href":"https:\/\/www.messinaoggi.it\/website\/wp-json\/wp\/v2\/media\/26301"}],"wp:attachment":[{"href":"https:\/\/www.messinaoggi.it\/website\/wp-json\/wp\/v2\/media?parent=26300"}],"wp:term":[{"taxonomy":"category","embeddable":true,"href":"https:\/\/www.messinaoggi.it\/website\/wp-json\/wp\/v2\/categories?post=26300"},{"taxonomy":"post_tag","embeddable":true,"href":"https:\/\/www.messinaoggi.it\/website\/wp-json\/wp\/v2\/tags?post=26300"}],"curies":[{"name":"wp","href":"https:\/\/api.w.org\/{rel}","templated":true}]}}