{"id":262991,"date":"2026-03-13T12:08:19","date_gmt":"2026-03-13T11:08:19","guid":{"rendered":"https:\/\/www.messinaoggi.it\/website\/2026\/03\/13\/carburanti-urso-taglio-accise-2022-inefficace-e-troppo-costoso\/"},"modified":"2026-03-13T12:08:19","modified_gmt":"2026-03-13T11:08:19","slug":"carburanti-urso-taglio-accise-2022-inefficace-e-troppo-costoso","status":"publish","type":"post","link":"https:\/\/www.messinaoggi.it\/website\/2026\/03\/13\/carburanti-urso-taglio-accise-2022-inefficace-e-troppo-costoso\/","title":{"rendered":"Carburanti, Urso \u201cTaglio accise 2022 inefficace e troppo costoso\u201d"},"content":{"rendered":"<div>ROMA (ITALPRESS) &#8211;<em> &#8220;La situazione odierna \u00e8 molto diversa da quella del marzo 2022, quando l&#8217;invasione russa dell&#8217;Ucraina fece impennare i prezzi dei carburanti e dell&#8217;energia. Il tasso d&#8217;inflazione in Italia era gi\u00e0 al 6,9%, poco sotto la media Ue, e il prezzo dei carburanti stava crescendo in modo significativo, superando la soglia dei 2,5 euro al litro. Il governo di allora ritenne di utilizzare l&#8217;extragettito dell&#8217;Iva che si stava accumulando per destinarlo interamente a un taglio delle accise sui carburanti, con un costo complessivo per l&#8217;erario &#8211; e quindi per i cittadini &#8211; di circa un miliardo di euro al mese&#8221;.<\/em><div id=\"div-gpt-ad-Messinaoggi.it-DSK-300x250-corpoart\" style=\"text-align:center;margin:0 auto;\"><\/div><\/p>\n<p>E&#8217; quanto avrebbe dichiarato, secondo quanto si apprende, il ministro delle Imprese e del Made in Italy Adolfo <strong>Urso,<\/strong> nel corso della riunione della commissione Allerta rapida in corso al <strong>Mimit.<\/strong><em> &#8220;Una misura che si rivel\u00f2 per lo pi\u00f9 inefficace, perch\u00e8 non arrest\u00f2 la spirale inflazionistica, che arriv\u00f2 fino al 12,6%, oltre la media Ue, nell&#8217;ottobre 2022 quando ci siamo insediati al governo. Inoltre, come rilev\u00f2 successivamente l&#8217;Upb il beneficio si concentr\u00f2 soprattutto sui ceti benestanti, poich\u00e8 le famiglie con redditi pi\u00f9 elevati sono anche quelle con maggiori consumi di carburante&#8221;<\/em>, ha aggiunto Urso.<div id=\"videoincontent\" style=\"clear:both\";><\/div><\/p>\n<p>-Foto: ufficio stampa Mimit-<\/p>\n<p>(ITALPRESS).<\/p><\/div>\n","protected":false},"excerpt":{"rendered":"<p>ROMA (ITALPRESS) &#8211; &#8220;La situazione odierna \u00e8 molto diversa da quella del marzo 2022, quando l&#8217;invasione russa dell&#8217;Ucraina fece impennare i prezzi dei carburanti e dell&#8217;energia. Il tasso d&#8217;inflazione in Italia era gi\u00e0 al 6,9%, poco sotto la media Ue, e il prezzo dei carburanti stava crescendo in modo significativo, superando la soglia dei 2,5 [&hellip;]<\/p>\n","protected":false},"author":18,"featured_media":262992,"comment_status":"closed","ping_status":"closed","sticky":false,"template":"","format":"standard","meta":{"ub_ctt_via":"","_mi_skip_tracking":false},"categories":[446],"tags":[783],"featured_image_src":"https:\/\/www.messinaoggi.it\/website\/wp-content\/uploads\/2026\/03\/20260313_0279.jpg","author_info":{"display_name":"Admin","author_link":"https:\/\/www.messinaoggi.it\/website\/author\/admin\/"},"digistream_id":0,"digistream":false,"_links":{"self":[{"href":"https:\/\/www.messinaoggi.it\/website\/wp-json\/wp\/v2\/posts\/262991"}],"collection":[{"href":"https:\/\/www.messinaoggi.it\/website\/wp-json\/wp\/v2\/posts"}],"about":[{"href":"https:\/\/www.messinaoggi.it\/website\/wp-json\/wp\/v2\/types\/post"}],"author":[{"embeddable":true,"href":"https:\/\/www.messinaoggi.it\/website\/wp-json\/wp\/v2\/users\/18"}],"replies":[{"embeddable":true,"href":"https:\/\/www.messinaoggi.it\/website\/wp-json\/wp\/v2\/comments?post=262991"}],"version-history":[{"count":0,"href":"https:\/\/www.messinaoggi.it\/website\/wp-json\/wp\/v2\/posts\/262991\/revisions"}],"wp:featuredmedia":[{"embeddable":true,"href":"https:\/\/www.messinaoggi.it\/website\/wp-json\/wp\/v2\/media\/262992"}],"wp:attachment":[{"href":"https:\/\/www.messinaoggi.it\/website\/wp-json\/wp\/v2\/media?parent=262991"}],"wp:term":[{"taxonomy":"category","embeddable":true,"href":"https:\/\/www.messinaoggi.it\/website\/wp-json\/wp\/v2\/categories?post=262991"},{"taxonomy":"post_tag","embeddable":true,"href":"https:\/\/www.messinaoggi.it\/website\/wp-json\/wp\/v2\/tags?post=262991"}],"curies":[{"name":"wp","href":"https:\/\/api.w.org\/{rel}","templated":true}]}}