{"id":262931,"date":"2026-03-12T12:00:17","date_gmt":"2026-03-12T11:00:17","guid":{"rendered":"https:\/\/www.messinaoggi.it\/website\/2026\/03\/12\/km-malta-airlines-apre-un-nuovo-collegamento-palermo-malta\/"},"modified":"2026-03-12T12:00:17","modified_gmt":"2026-03-12T11:00:17","slug":"km-malta-airlines-apre-un-nuovo-collegamento-palermo-malta","status":"publish","type":"post","link":"https:\/\/www.messinaoggi.it\/website\/2026\/03\/12\/km-malta-airlines-apre-un-nuovo-collegamento-palermo-malta\/","title":{"rendered":"Km Malta Airlines apre un nuovo collegamento Palermo-Malta"},"content":{"rendered":"<div>\n<p>PALERMO (ITALPRESS) \u2013<strong> Km Malta Airlines<\/strong> annuncia il lancio del nuovo collegamento diretto tra <strong>Malta e Palermo<\/strong>, rafforzando ulteriormente la connettivit\u00e0 tra<strong> Malta e la Sicilia come parte del programma estivo 2026 della compagnia di bandiera maltese<\/strong>. La nuova tratta operer\u00e0 dal 30 maggio tre volte a settimana (marted\u00ec, mercoled\u00ec e sabato), offrendo ai clienti opzioni di viaggio diretto tra l\u2019aeroporto internazionale di Malta e l\u2019aeroporto internazionale di Palermo Falcone Borsellino.<div id=\"div-gpt-ad-Messinaoggi.it-DSK-300x250-corpoart\" style=\"text-align:center;margin:0 auto;\"><\/div><\/p>\n<p><em> \u201cSiamo lieti di presentare Palermo come nuova destinazione all\u2019interno del nostro programma estivo 2026<\/em> \u2013 dice <strong>David Curmi, presidente di Km Malta Airlines<\/strong> \u2013<em> Al momento, Palermo non \u00e8 servita da voli diretti da Malta e questa nuova rotta amplia la gamma di destinazioni disponibili per i viaggiatori maltesi, creando allo stesso tempo ulteriori opportunit\u00e0 per attirare visitatori in entrata a Malta. La Sicilia e Malta condividono forti legami culturali, economici e turistici<\/em> \u2013 conclude Curmi \u2013<em> e siamo fiduciosi che questo collegamento rafforzer\u00e0 ulteriormente la connettivit\u00e0 tra le due Isole\u201d.<\/em><div id=\"videoincontent\" style=\"clear:both\";><\/div><\/p>\n<p>I voli sono disponibili per la prenotazione tramite il sito web o l\u2019app di Km Malta Airlines, agenzie di viaggio e altri canali di vendita autorizzati.<\/p>\n<p>\u201c<em>Accogliamo con grande favore l\u2019avvio del nuovo collegamento diretto tra Palermo e Malta annunciato da Km Malta Airlines \u2013<\/em> dice <strong>Gianfranco Battisti, amministratore delegato di Gesap,<\/strong> <strong>societ\u00e0 di gestione dell\u2019aeroporto internazionale di Palermo Falcone Borsellino<\/strong> \u2013<em> Si tratta di una rotta importante che rafforza ulteriormente il ruolo strategico dello scalo aereo palermitano nel Mediterraneo e amplia le opportunit\u00e0 di mobilit\u00e0 tra due territori storicamente e culturalmente molto vicini. Questo collegamento contribuisce a sostenere la crescita del traffico internazionale dello scalo e a favorire nuovi flussi turistici e commerciali tra Sicilia e Malta<\/em> \u2013 conclude Battisti \u2013 <em>in linea con il percorso di sviluppo e di progressiva apertura ai mercati internazionali che Gesap sta portando avanti\u201d.\u00a0<\/em><\/p>\n<p>-Foto ufficio stampa Gesap-<br \/>\n(ITALPRESS).<\/p>\n<\/div>\n","protected":false},"excerpt":{"rendered":"<p>PALERMO (ITALPRESS) \u2013 Km Malta Airlines annuncia il lancio del nuovo collegamento diretto tra Malta e Palermo, rafforzando ulteriormente la connettivit\u00e0 tra Malta e la Sicilia come parte del programma estivo 2026 della compagnia di bandiera maltese. La nuova tratta operer\u00e0 dal 30 maggio tre volte a settimana (marted\u00ec, mercoled\u00ec e sabato), offrendo ai clienti [&hellip;]<\/p>\n","protected":false},"author":18,"featured_media":262932,"comment_status":"closed","ping_status":"closed","sticky":false,"template":"","format":"standard","meta":{"ub_ctt_via":"","_mi_skip_tracking":false},"categories":[2449],"tags":[783],"featured_image_src":"https:\/\/www.messinaoggi.it\/website\/wp-content\/uploads\/2026\/03\/unnamed-86.jpg","author_info":{"display_name":"Admin","author_link":"https:\/\/www.messinaoggi.it\/website\/author\/admin\/"},"digistream_id":0,"digistream":false,"_links":{"self":[{"href":"https:\/\/www.messinaoggi.it\/website\/wp-json\/wp\/v2\/posts\/262931"}],"collection":[{"href":"https:\/\/www.messinaoggi.it\/website\/wp-json\/wp\/v2\/posts"}],"about":[{"href":"https:\/\/www.messinaoggi.it\/website\/wp-json\/wp\/v2\/types\/post"}],"author":[{"embeddable":true,"href":"https:\/\/www.messinaoggi.it\/website\/wp-json\/wp\/v2\/users\/18"}],"replies":[{"embeddable":true,"href":"https:\/\/www.messinaoggi.it\/website\/wp-json\/wp\/v2\/comments?post=262931"}],"version-history":[{"count":0,"href":"https:\/\/www.messinaoggi.it\/website\/wp-json\/wp\/v2\/posts\/262931\/revisions"}],"wp:featuredmedia":[{"embeddable":true,"href":"https:\/\/www.messinaoggi.it\/website\/wp-json\/wp\/v2\/media\/262932"}],"wp:attachment":[{"href":"https:\/\/www.messinaoggi.it\/website\/wp-json\/wp\/v2\/media?parent=262931"}],"wp:term":[{"taxonomy":"category","embeddable":true,"href":"https:\/\/www.messinaoggi.it\/website\/wp-json\/wp\/v2\/categories?post=262931"},{"taxonomy":"post_tag","embeddable":true,"href":"https:\/\/www.messinaoggi.it\/website\/wp-json\/wp\/v2\/tags?post=262931"}],"curies":[{"name":"wp","href":"https:\/\/api.w.org\/{rel}","templated":true}]}}