{"id":262927,"date":"2026-03-13T09:34:01","date_gmt":"2026-03-13T08:34:01","guid":{"rendered":"http:\/\/www.messinaoggi.it\/website\/?p=262927"},"modified":"2026-03-13T09:34:14","modified_gmt":"2026-03-13T08:34:14","slug":"nizza-di-sicilia-balneari-il-tempismo-del-comune","status":"publish","type":"post","link":"https:\/\/www.messinaoggi.it\/website\/2026\/03\/13\/nizza-di-sicilia-balneari-il-tempismo-del-comune\/","title":{"rendered":"Nizza di Sicilia: Balneari, il tempismo del Comune"},"content":{"rendered":"\n<p>Torniamo ad occuparci delle <strong>Balneari di Nizza di Sicilia<\/strong>, perch\u00e9 il piccolo Comune dello Ionio vanta un record invidiabile: si tratta del primo Ente locale della provincia di Messina ad avere preso al volo l\u2019opportunit\u00e0 fornita dalla \u201c<strong>direttiva Bolkestein<\/strong>\u201d avendo bandito le gare d\u2019appalto per le concessioni delle aree demaniali. <div id=\"div-gpt-ad-Messinaoggi.it-DSK-300x250-corpoart\" style=\"text-align:center;margin:0 auto;\"><\/div><\/p>\n\n\n\n<p>Un altro Comune, per la verit\u00e0, si \u00e8 mosso per farlo e si tratta di <strong>Al\u00ec Terme<\/strong>, sempre nel versante dello Ionio, all\u2019epoca guidato da <strong>Tommaso Micalizzi<\/strong> (<strong>Sud chiama Nord<\/strong>), legato a <strong>Cateno De Luca<\/strong> anche per ragioni professionali essendo suo legale di fiducia. Dalle informazioni in nostro possesso, quello di <strong>Nizza di Sicilia <\/strong>rappresenta un <em>unicum <\/em>nella provincia di Messina e, con molta probabilit,\u00e0 uno dei pochissimi casi in tutta la <strong>Sicilia<\/strong>. Del resto, la normativa nazionale ha previsto una deroga per l\u2019applicazione della \u201c<strong>Bolkestein<\/strong>\u201d al 2027, quindi ci sarebbe stato tempo a disposizione per bandire le gare d&#8217;appalto senza precipitarsi.<div id=\"videoincontent\" style=\"clear:both\";><\/div><\/p>\n\n\n\n<figure class=\"wp-block-image size-large\"><img loading=\"lazy\" width=\"1024\" height=\"461\" src=\"http:\/\/www.messinaoggi.it\/website\/wp-content\/uploads\/2026\/03\/70443acc-9fc6-4299-9f85-9caa43ea1df0-1024x461.jpg\" alt=\"\" class=\"wp-image-262936\" srcset=\"https:\/\/www.messinaoggi.it\/website\/wp-content\/uploads\/2026\/03\/70443acc-9fc6-4299-9f85-9caa43ea1df0-1024x461.jpg 1024w, https:\/\/www.messinaoggi.it\/website\/wp-content\/uploads\/2026\/03\/70443acc-9fc6-4299-9f85-9caa43ea1df0-300x135.jpg 300w, https:\/\/www.messinaoggi.it\/website\/wp-content\/uploads\/2026\/03\/70443acc-9fc6-4299-9f85-9caa43ea1df0-768x346.jpg 768w, https:\/\/www.messinaoggi.it\/website\/wp-content\/uploads\/2026\/03\/70443acc-9fc6-4299-9f85-9caa43ea1df0-1536x692.jpg 1536w, https:\/\/www.messinaoggi.it\/website\/wp-content\/uploads\/2026\/03\/70443acc-9fc6-4299-9f85-9caa43ea1df0.jpg 2048w\" sizes=\"(max-width: 1024px) 100vw, 1024px\" \/><figcaption><strong>Il lungomare di Nizza di Sicilia<\/strong><\/figcaption><\/figure>\n\n\n\n<p><strong>Il tempismo di Nizza di Sicilia<\/strong><\/p>\n\n\n\n<p>Il <strong>19 febbraio 2025<\/strong> un Decreto assessoriale regionale dispone la messa a bando delle aree demaniali da parte degli <strong>Enti locali<\/strong>. Il <strong>6 marzo<\/strong> seguente, il Comune di <strong>Nizza di Sicilia<\/strong> pubblica il relativo bando sul sito istituzionale ma anche su quello del <strong>CUC <\/strong>(<em>centrale unica di committenza<\/em>) di <strong>Letojanni<\/strong>, <strong>Taormina<\/strong>, <strong>Castelmola<\/strong> e <strong>Mongiuffi Melia<\/strong>. Un bando per un valore economico di oltre <strong>233mila euro<\/strong>. In totale sono <strong>13 le aree demaniali<\/strong> oggetto di concessione. Ma solo per tre di queste arrivano offerte, le altre 10 vanno deserte. <\/p>\n\n\n\n<p>Aree destinate ad ospitare per lo pi\u00f9 lidi balneari, ma anche spazi attrezzati per lo sport. Due invece quelle pi\u00f9 interessanti si per la superficie sia per la loro collocazione sul lungomare di <strong>Nizza di Sicilia<\/strong>. In appena <strong>16 giorni<\/strong>, gli uffici amministrativi del <strong>Comune dello Ionio<\/strong> sono riusciti nella \u201c<em>titanica<\/em>\u201d impresa di predisporre il corposo bando e pubblicarlo. Sulla tempistica comunque ci torneremo, visto che si verificano delle coincidenze temporali che meritano approfondimenti giornalistici.<\/p>\n\n\n\n<p><strong>Il bando<\/strong><\/p>\n\n\n\n<p>Secondo gli esperti della materia, il bando presenta dei profili che meritano attenta valutazione da parte delle <strong>autorit\u00e0 di controllo<\/strong>, tenuto conto che una delle aree (<em>concessione comunque decaduta<\/em>), \u00e8 ancora oggi al <strong>centro di un contenzioso fra il vecchio concessionario e il Demanio Marittimo regionale<\/strong>. Una &#8220;lite&#8221; che non aveva comunque determinato la decadenza della concessione stessa. L&#8217;area, quindi, poteva andare in regime di proroga, senza obbligo di indire una gara d&#8217;appalto, come prescritto dalla legislazione nazionale. Ricordiamo che lo Stato italiano ha concesso una proroga al <strong>2027<\/strong>.<\/p>\n\n\n\n<p>Un altro aspetto da tenere in debita considerazione riguarda inoltre l\u2019adozione del cosiddetto <strong>PUDM<\/strong> (<em>Piano di utilizzo del Demanio Marittimo<\/em>). Un documento la cui adozione spetta all\u2019Ente locale attraverso il Consiglio comunale, ma la cui approvazione e successiva validazione spetta agli uffici Regionali.<\/p>\n\n\n\n<p>In realt\u00e0, il Comune di Nizza di Sicilia, non ha il suo <strong>PUDM<\/strong> approvato (lo indica anche nel bando), bens\u00ec lo ha solo adottato attraverso il Consiglio comunale.<\/p>\n\n\n\n<p><strong>Chi si \u00e8 aggiudicato le aree<\/strong><\/p>\n\n\n\n<p>Intanto, specifichiamo che al bando per le <strong>13 aree<\/strong> sono pervenute alla stazione appaltante soltanto <strong>3 offerte<\/strong>, per altrettante aree. Due sono in corso di aggiudicazione con tanto di proposta risalente allo scorso 29 aprile. Ad aggiudicarsi i lotti <strong>8 <\/strong>e <strong>10<\/strong> \u00e8 stata la \u201c<strong>Eden Beach Club<\/strong>\u201d, societ\u00e0 amministrata da <strong>Gabriele De Luca<\/strong>, figlio dell\u2019on. <strong>Cateno De Luca<\/strong>. Una Srl con un capitale sociale da <strong>un milione di euro<\/strong>, di cui ci siamo occupati nelle scorse settimane. Per completezza d\u2019informazione, le aree sono rispettivamente di <strong>2.250<\/strong> e <strong>2.100<\/strong> mq. Offerte da <strong>25mila <\/strong>e <strong>23mila<\/strong> euro circa. La \u201c<strong>Eden Beach Club<\/strong>\u201d ha avuto attributo per la scheda tecnica un punteggio di <strong>80 <\/strong>e di <strong>20<\/strong> per la parte economica. Rimane alla finestra il secondo partecipante al bando, teoricamente escluso anche se su questo aspetto \u00e8 in corso una <strong>battaglia giudiziaria<\/strong>. <\/p>\n\n\n\n<p><strong>Lo stato dell\u2019arte<\/strong><\/p>\n\n\n\n<p>Sebbene siano state aggiudicate le gare (ci occuperemo anche dell\u2019altra societ\u00e0 aggiudicataria del lotto n. 9), ancora oggi non \u00e8 stata rilasciata alla \u201c<strong>Eden Beach Club<\/strong>\u201d la relativa concessione. Le pratiche, per via di qualche intoppo burocratico-legale, si sono arenate negli uffici regionali. Questo, potrebbe mettere a rischio la stagione estiva che ormai \u00e8 alle porte.<\/p>\n\n\n\n<figure class=\"wp-block-image size-large\"><img loading=\"lazy\" width=\"1024\" height=\"1024\" src=\"https:\/\/www.messinaoggi.it\/website\/wp-content\/uploads\/2026\/03\/496303562_713425144689839_5378020901352125256_n-2-1024x1024.jpg\" alt=\"\" class=\"wp-image-262935\" srcset=\"https:\/\/www.messinaoggi.it\/website\/wp-content\/uploads\/2026\/03\/496303562_713425144689839_5378020901352125256_n-2-1024x1024.jpg 1024w, https:\/\/www.messinaoggi.it\/website\/wp-content\/uploads\/2026\/03\/496303562_713425144689839_5378020901352125256_n-2-300x300.jpg 300w, https:\/\/www.messinaoggi.it\/website\/wp-content\/uploads\/2026\/03\/496303562_713425144689839_5378020901352125256_n-2-150x150.jpg 150w, https:\/\/www.messinaoggi.it\/website\/wp-content\/uploads\/2026\/03\/496303562_713425144689839_5378020901352125256_n-2-768x768.jpg 768w, https:\/\/www.messinaoggi.it\/website\/wp-content\/uploads\/2026\/03\/496303562_713425144689839_5378020901352125256_n-2.jpg 1440w\" sizes=\"(max-width: 1024px) 100vw, 1024px\" \/><figcaption><strong>Natale Briguglio al fianco di Federico Basile<\/strong><\/figcaption><\/figure>\n\n\n\n<p><strong>Il sindaco di Nizza di Sicilia<\/strong><\/p>\n\n\n\n<p><strong>Natale Briguglio<\/strong> \u00e8 il sindaco del Comune dello Ionio. Qui \u00e8 ritratto nella foto con altri colleghi del versante dello Ionio di Messina. Politicamente, possiamo dire senza tema di smentita, sia vicino alle posizioni di <strong>Cateno De Luca<\/strong>. <\/p>\n\n\n\n<p>Ha anche preso pubblicamente le difese (inutili, perch\u00e9 non si \u00e8 trattato di un attacco), del \u201c<em>rampollo<\/em>\u201d di casa De Luca, dopo che il nostro giornale ha pubblicato la notizia della Srl da un milione di euro costituita dal giovane imprenditore <strong>Gabriele De Luca<\/strong>.<\/p>\n\n\n\n<p><strong>Conflitti etici di Cateno De Luca?<\/strong><\/p>\n\n\n\n<p>L\u2019attivit\u00e0 di parlamentare regionale e quella di padre di un \u201c<em>rampante<\/em>\u201d imprenditore nel settore delle Balneari, non costituisce ai sensi di legge un conflitto di interesse. Del resto, la libert\u00e0 d\u2019impresa \u00e8 sancita dall\u2019art. 41 della Costituzione. Tuttavia, da un punto di vista etico, inteso come \u201ca<em>gire umano in quanto valutabile con il criterio di distinzione tra il bene e il male<\/em>\u201d, questa situazione espone <strong>il deputato regionale<\/strong> al giudizio dei suoi stessi elettori, soprattutto quando si occupa di questo argomento specifico. Del resto, \u00e8 notorio alle cronache l&#8217;attivismo di <strong>Cateno De Luca <\/strong>sui temi riguardanti Demanio marittimo e concessioni di aree. <strong>(1\/continua)<\/strong><\/p>\n\n\n\n<p><strong>D. Gam.<\/strong><\/p>\n","protected":false},"excerpt":{"rendered":"<p>Torniamo ad occuparci delle Balneari di Nizza di Sicilia, perch\u00e9 il piccolo Comune dello Ionio vanta un record invidiabile: si tratta del primo Ente locale della provincia di Messina ad avere preso al volo l\u2019opportunit\u00e0 fornita dalla \u201cdirettiva Bolkestein\u201d avendo bandito le gare d\u2019appalto per le concessioni delle aree demaniali. Un altro Comune, per la [&hellip;]<\/p>\n","protected":false},"author":2,"featured_media":262937,"comment_status":"open","ping_status":"open","sticky":false,"template":"","format":"standard","meta":{"ub_ctt_via":"","_mi_skip_tracking":false},"categories":[19],"tags":[9082,126,12978,12980,12981,12859,1579],"featured_image_src":"https:\/\/www.messinaoggi.it\/website\/wp-content\/uploads\/2026\/03\/ea7a71f7-0931-4c99-a00f-39ed4e475847.jpg","author_info":{"display_name":"Redazione","author_link":"https:\/\/www.messinaoggi.it\/website\/author\/redazione\/"},"digistream_id":0,"digistream":false,"_links":{"self":[{"href":"https:\/\/www.messinaoggi.it\/website\/wp-json\/wp\/v2\/posts\/262927"}],"collection":[{"href":"https:\/\/www.messinaoggi.it\/website\/wp-json\/wp\/v2\/posts"}],"about":[{"href":"https:\/\/www.messinaoggi.it\/website\/wp-json\/wp\/v2\/types\/post"}],"author":[{"embeddable":true,"href":"https:\/\/www.messinaoggi.it\/website\/wp-json\/wp\/v2\/users\/2"}],"replies":[{"embeddable":true,"href":"https:\/\/www.messinaoggi.it\/website\/wp-json\/wp\/v2\/comments?post=262927"}],"version-history":[{"count":4,"href":"https:\/\/www.messinaoggi.it\/website\/wp-json\/wp\/v2\/posts\/262927\/revisions"}],"predecessor-version":[{"id":262974,"href":"https:\/\/www.messinaoggi.it\/website\/wp-json\/wp\/v2\/posts\/262927\/revisions\/262974"}],"wp:featuredmedia":[{"embeddable":true,"href":"https:\/\/www.messinaoggi.it\/website\/wp-json\/wp\/v2\/media\/262937"}],"wp:attachment":[{"href":"https:\/\/www.messinaoggi.it\/website\/wp-json\/wp\/v2\/media?parent=262927"}],"wp:term":[{"taxonomy":"category","embeddable":true,"href":"https:\/\/www.messinaoggi.it\/website\/wp-json\/wp\/v2\/categories?post=262927"},{"taxonomy":"post_tag","embeddable":true,"href":"https:\/\/www.messinaoggi.it\/website\/wp-json\/wp\/v2\/tags?post=262927"}],"curies":[{"name":"wp","href":"https:\/\/api.w.org\/{rel}","templated":true}]}}